{"id":167,"date":"2019-08-24T00:00:50","date_gmt":"2019-08-24T00:00:50","guid":{"rendered":"https:\/\/magzine.ghostpool.com\/?p=167"},"modified":"2026-02-21T11:27:34","modified_gmt":"2026-02-21T11:27:34","slug":"sellano-sviluppo-del-territorio","status":"publish","type":"post","link":"https:\/\/alfassa.org\/index.php\/2019\/08\/24\/sellano-sviluppo-del-territorio\/50\/","title":{"rendered":"Sellano: Sviluppo del territorio"},"content":{"rendered":"\t\t<div data-elementor-type=\"wp-post\" data-elementor-id=\"167\" class=\"elementor elementor-167\" data-elementor-post-type=\"post\">\n\t\t\t\t<div class=\"elementor-element elementor-element-5e4b91b6 e-flex e-con-boxed e-con e-parent\" data-id=\"5e4b91b6\" data-element_type=\"container\">\n\t\t\t\t\t<div class=\"e-con-inner\">\n\t\t\t\t<div class=\"elementor-element elementor-element-28d9688e elementor-widget elementor-widget-text-editor\" data-id=\"28d9688e\" data-element_type=\"widget\" data-widget_type=\"text-editor.default\">\n\t\t\t\t<div class=\"elementor-widget-container\">\n\t\t\t\t\t\t\t\t\t\n<div class=\"message-content-inner\">\n<div id=\"dynamic-messages\">\n<div class=\"message-bubble \">\n<div class=\"message-bubble-inner\">\n<div id=\"msg-1\" class=\"message-text\">\n<div class=\"markdown-body\">\n<p>Sellano \u00e8 un pittoresco comune situato nel cuore della bellissima regione dell&#8217;Umbria, in Italia. Con il suo ricco patrimonio ambientale e storico, Sellano ha il potenziale per diventare una meta turistica di rilievo, ma attualmente soffre di un profilo culturale ed economico relativamente basso.<\/p>\n<p>Per affrontare questa sfida, \u00e8 stato organizzato un evento speciale con l&#8217;obiettivo di riqualificare il territorio di Sellano e promuoverne le risorse, sia in termini di bellezze naturali che di tesori storici. L&#8217;evento prevede una serie di attivit\u00e0 e iniziative che coinvolgeranno sia i residenti che i visitatori.<\/p>\n<p>Una delle principali attivit\u00e0 programmate \u00e8 una raccolta fondi per finanziare progetti di restauro e valorizzazione dei monumenti storici del comune. Questo coinvolger\u00e0 attivamente la comunit\u00e0 locale, che potr\u00e0 partecipare a concerti, spettacoli teatrali e mostre d&#8217;arte per raccogliere fondi. Queste attivit\u00e0 saranno anche un modo per promuovere l&#8217;arte e la cultura tra i residenti e attrarre turisti interessati al patrimonio storico.<\/p>\n<p>Un&#8217;altra iniziativa importante \u00e8 la creazione di un percorso naturalistico che permetter\u00e0 ai visitatori di scoprire e apprezzare la ricchezza della fauna e della flora presenti nella zona. Attraverso escursioni guidate, i partecipanti potranno imparare di pi\u00f9 sulla biodiversit\u00e0 locale e l&#8217;importanza di preservarla. Inoltre, sar\u00e0 promossa la realizzazione di tour enogastronomici, dove i visitatori potranno gustare i prodotti tipici locali e scoprire la tradizione culinaria di Sellano.<\/p>\n<p>Parallelamente a queste attivit\u00e0, il comune organizzer\u00e0 anche workshop e conferenze per sensibilizzare la popolazione locale sui vantaggi dell&#8217;economia circolare e dello sviluppo sostenibile. Gli imprenditori locali verranno coinvolti per discutere modelli di business sostenibili che potrebbero attrarre investimenti e stimolare la creazione di posti di lavoro.<\/p>\n<p>L&#8217;evento, che durer\u00e0 diversi giorni, avr\u00e0 un impatto significativo sul territorio di Sellano. Oltre a promuovere la cultura e l&#8217;economia locale, si prevede che porter\u00e0 beneficio anche all&#8217;ambiente, incoraggiando la popolazione a prendersi cura delle bellezze naturali e promuovendo comportamenti eco-sostenibili.<\/p>\n<p>L&#8217;obiettivo finale di questo evento per la riqualificazione del territorio di Sellano \u00e8 quello di trasformare il comune in una destinazione turistica apprezzata per la sua ricchezza culturale, il suo paesaggio mozzafiato e la sua ospitalit\u00e0.<\/p>\n<\/div>\n<\/div>\n<\/div>\n<\/div>\n<\/div>\n<\/div>\n<p><\/p>\t\t\t\t\t\t\t\t<\/div>\n\t\t\t\t<\/div>\n\t\t\t\t\t<\/div>\n\t\t\t\t<\/div>\n\t\t<div class=\"elementor-element elementor-element-f295dc9 e-flex e-con-boxed e-con e-parent\" data-id=\"f295dc9\" data-element_type=\"container\">\n\t\t\t\t\t<div class=\"e-con-inner\">\n\t\t<div class=\"elementor-element elementor-element-36bec42 e-con-full e-flex e-con e-child\" data-id=\"36bec42\" data-element_type=\"container\">\n\t\t\t\t<div class=\"elementor-element elementor-element-1d7bf4d elementor-widget elementor-widget-image\" data-id=\"1d7bf4d\" data-element_type=\"widget\" data-widget_type=\"image.default\">\n\t\t\t\t<div class=\"elementor-widget-container\">\n\t\t\t\t\t\t\t\t\t\t\t\t\t\t\t<img fetchpriority=\"high\" decoding=\"async\" width=\"640\" height=\"905\" src=\"https:\/\/alfassa.org\/wp-content\/uploads\/2019\/08\/Sellano-Smart-City-24-Agosto-2019-724x1024.jpg\" class=\"attachment-large size-large wp-image-1000002730\" alt=\"\" srcset=\"https:\/\/alfassa.org\/wp-content\/uploads\/2019\/08\/Sellano-Smart-City-24-Agosto-2019-724x1024.jpg 724w, https:\/\/alfassa.org\/wp-content\/uploads\/2019\/08\/Sellano-Smart-City-24-Agosto-2019-600x849.jpg 600w, https:\/\/alfassa.org\/wp-content\/uploads\/2019\/08\/Sellano-Smart-City-24-Agosto-2019-212x300.jpg 212w, https:\/\/alfassa.org\/wp-content\/uploads\/2019\/08\/Sellano-Smart-City-24-Agosto-2019-768x1086.jpg 768w, https:\/\/alfassa.org\/wp-content\/uploads\/2019\/08\/Sellano-Smart-City-24-Agosto-2019-1086x1536.jpg 1086w, https:\/\/alfassa.org\/wp-content\/uploads\/2019\/08\/Sellano-Smart-City-24-Agosto-2019.jpg 1240w\" sizes=\"(max-width: 640px) 100vw, 640px\" \/>\t\t\t\t\t\t\t\t\t\t\t\t\t\t\t<\/div>\n\t\t\t\t<\/div>\n\t\t\t\t<\/div>\n\t\t<div class=\"elementor-element elementor-element-038b7b8 e-con-full e-flex e-con e-child\" data-id=\"038b7b8\" data-element_type=\"container\">\n\t\t\t\t<div class=\"elementor-element elementor-element-333420f elementor-widget elementor-widget-image\" data-id=\"333420f\" data-element_type=\"widget\" data-widget_type=\"image.default\">\n\t\t\t\t<div class=\"elementor-widget-container\">\n\t\t\t\t\t\t\t\t\t\t\t\t\t\t\t<img decoding=\"async\" width=\"640\" height=\"480\" src=\"https:\/\/alfassa.org\/wp-content\/uploads\/2019\/08\/IMG-20190825-WA0019-1024x768.jpg\" class=\"attachment-large size-large wp-image-1000002731\" alt=\"\" srcset=\"https:\/\/alfassa.org\/wp-content\/uploads\/2019\/08\/IMG-20190825-WA0019-1024x768.jpg 1024w, https:\/\/alfassa.org\/wp-content\/uploads\/2019\/08\/IMG-20190825-WA0019-600x450.jpg 600w, https:\/\/alfassa.org\/wp-content\/uploads\/2019\/08\/IMG-20190825-WA0019-300x225.jpg 300w, https:\/\/alfassa.org\/wp-content\/uploads\/2019\/08\/IMG-20190825-WA0019-768x576.jpg 768w, https:\/\/alfassa.org\/wp-content\/uploads\/2019\/08\/IMG-20190825-WA0019-1536x1152.jpg 1536w, https:\/\/alfassa.org\/wp-content\/uploads\/2019\/08\/IMG-20190825-WA0019-1320x990.jpg 1320w, https:\/\/alfassa.org\/wp-content\/uploads\/2019\/08\/IMG-20190825-WA0019.jpg 1600w\" sizes=\"(max-width: 640px) 100vw, 640px\" \/>\t\t\t\t\t\t\t\t\t\t\t\t\t\t\t<\/div>\n\t\t\t\t<\/div>\n\t\t\t\t<div class=\"elementor-element elementor-element-6807866 elementor-widget elementor-widget-image\" data-id=\"6807866\" data-element_type=\"widget\" data-widget_type=\"image.default\">\n\t\t\t\t<div class=\"elementor-widget-container\">\n\t\t\t\t\t\t\t\t\t\t\t\t\t\t\t<img decoding=\"async\" width=\"640\" height=\"480\" src=\"https:\/\/alfassa.org\/wp-content\/uploads\/2019\/08\/IMG-20190825-WA0015-1024x768.jpg\" class=\"attachment-large size-large wp-image-1000002732\" alt=\"\" srcset=\"https:\/\/alfassa.org\/wp-content\/uploads\/2019\/08\/IMG-20190825-WA0015-1024x768.jpg 1024w, https:\/\/alfassa.org\/wp-content\/uploads\/2019\/08\/IMG-20190825-WA0015-600x450.jpg 600w, https:\/\/alfassa.org\/wp-content\/uploads\/2019\/08\/IMG-20190825-WA0015-300x225.jpg 300w, https:\/\/alfassa.org\/wp-content\/uploads\/2019\/08\/IMG-20190825-WA0015-768x576.jpg 768w, https:\/\/alfassa.org\/wp-content\/uploads\/2019\/08\/IMG-20190825-WA0015-1536x1152.jpg 1536w, https:\/\/alfassa.org\/wp-content\/uploads\/2019\/08\/IMG-20190825-WA0015-1320x990.jpg 1320w, https:\/\/alfassa.org\/wp-content\/uploads\/2019\/08\/IMG-20190825-WA0015.jpg 1600w\" sizes=\"(max-width: 640px) 100vw, 640px\" \/>\t\t\t\t\t\t\t\t\t\t\t\t\t\t\t<\/div>\n\t\t\t\t<\/div>\n\t\t\t\t<\/div>\n\t\t\t\t\t<\/div>\n\t\t\t\t<\/div>\n\t\t\t\t<\/div>\n\t\t","protected":false},"excerpt":{"rendered":"<p>Sellano \u00e8 un pittoresco comune situato nel cuore della bellissima regione dell&#8217;Umbria, in Italia. Con il suo ricco patrimonio ambientale e storico, Sellano ha il potenziale per diventare una meta turistica di rilievo, ma attualmente soffre di un profilo culturale ed economico relativamente basso. Per affrontare questa sfida, \u00e8 stato organizzato un evento speciale con [&hellip;]<\/p>\n","protected":false},"author":1,"featured_media":1000002728,"comment_status":"open","ping_status":"open","sticky":false,"template":"","format":"standard","meta":{"om_disable_all_campaigns":false,"inline_featured_image":false,"footnotes":""},"categories":[195],"tags":[59],"class_list":["post-167","post","type-post","status-publish","format-standard","has-post-thumbnail","hentry","category-eventi","tag-fondazione-homo-novus"],"yoast_head":"<!-- This site is optimized with the Yoast SEO Premium plugin v23.3 (Yoast SEO v23.3) - https:\/\/yoast.com\/wordpress\/plugins\/seo\/ -->\n<title>Sellano: Sviluppo del territorio - Alfassa<\/title>\n<meta name=\"robots\" content=\"index, follow, max-snippet:-1, max-image-preview:large, max-video-preview:-1\" \/>\n<link rel=\"canonical\" href=\"https:\/\/alfassa.org\/index.php\/2019\/08\/24\/sellano-sviluppo-del-territorio\/50\/\" \/>\n<meta property=\"og:locale\" content=\"en_US\" \/>\n<meta property=\"og:type\" content=\"article\" \/>\n<meta property=\"og:title\" content=\"Sellano: Sviluppo del territorio\" \/>\n<meta property=\"og:description\" content=\"Sellano \u00e8 un pittoresco comune situato nel cuore della bellissima regione dell&#8217;Umbria, in Italia. Con il suo ricco patrimonio ambientale e storico, Sellano ha il potenziale per diventare una meta turistica di rilievo, ma attualmente soffre di un profilo culturale ed economico relativamente basso. Per affrontare questa sfida, \u00e8 stato organizzato un evento speciale con [&hellip;]\" \/>\n<meta property=\"og:url\" content=\"https:\/\/alfassa.org\/index.php\/2019\/08\/24\/sellano-sviluppo-del-territorio\/50\/\" \/>\n<meta property=\"og:site_name\" content=\"Alfassa\" \/>\n<meta property=\"article:publisher\" content=\"https:\/\/www.facebook.com\/alfassa.net\" \/>\n<meta property=\"article:published_time\" content=\"2019-08-24T00:00:50+00:00\" \/>\n<meta property=\"article:modified_time\" content=\"2026-02-21T11:27:34+00:00\" \/>\n<meta property=\"og:image\" content=\"https:\/\/alfassa.org\/wp-content\/uploads\/2019\/08\/IMG-20190825-WA0002.jpg\" \/>\n\t<meta property=\"og:image:width\" content=\"1600\" \/>\n\t<meta property=\"og:image:height\" content=\"1200\" \/>\n\t<meta property=\"og:image:type\" content=\"image\/jpeg\" \/>\n<meta name=\"author\" content=\"alfassa\" \/>\n<meta name=\"twitter:card\" content=\"summary_large_image\" \/>\n<meta name=\"twitter:label1\" content=\"Written by\" \/>\n\t<meta name=\"twitter:data1\" content=\"alfassa\" \/>\n\t<meta name=\"twitter:label2\" content=\"Est. reading time\" \/>\n\t<meta name=\"twitter:data2\" content=\"2 minutes\" \/>\n<script type=\"application\/ld+json\" class=\"yoast-schema-graph\">{\"@context\":\"https:\/\/schema.org\",\"@graph\":[{\"@type\":\"Article\",\"@id\":\"https:\/\/alfassa.org\/index.php\/2019\/08\/24\/sellano-sviluppo-del-territorio\/50\/#article\",\"isPartOf\":{\"@id\":\"https:\/\/alfassa.org\/index.php\/2019\/08\/24\/sellano-sviluppo-del-territorio\/50\/\"},\"author\":{\"name\":\"alfassa\",\"@id\":\"https:\/\/alfassa.org\/#\/schema\/person\/01f90abcf5568ccccf3b627203052163\"},\"headline\":\"Sellano: Sviluppo del territorio\",\"datePublished\":\"2019-08-24T00:00:50+00:00\",\"dateModified\":\"2026-02-21T11:27:34+00:00\",\"mainEntityOfPage\":{\"@id\":\"https:\/\/alfassa.org\/index.php\/2019\/08\/24\/sellano-sviluppo-del-territorio\/50\/\"},\"wordCount\":357,\"commentCount\":1,\"publisher\":{\"@id\":\"https:\/\/alfassa.org\/#organization\"},\"image\":{\"@id\":\"https:\/\/alfassa.org\/index.php\/2019\/08\/24\/sellano-sviluppo-del-territorio\/50\/#primaryimage\"},\"thumbnailUrl\":\"https:\/\/alfassa.org\/wp-content\/uploads\/2019\/08\/IMG-20190825-WA0002.jpg\",\"keywords\":[\"Fondazione Homo Novus\"],\"articleSection\":[\"Eventi\"],\"inLanguage\":\"en-US\",\"potentialAction\":[{\"@type\":\"CommentAction\",\"name\":\"Comment\",\"target\":[\"https:\/\/alfassa.org\/index.php\/2019\/08\/24\/sellano-sviluppo-del-territorio\/50\/#respond\"]}]},{\"@type\":\"WebPage\",\"@id\":\"https:\/\/alfassa.org\/index.php\/2019\/08\/24\/sellano-sviluppo-del-territorio\/50\/\",\"url\":\"https:\/\/alfassa.org\/index.php\/2019\/08\/24\/sellano-sviluppo-del-territorio\/50\/\",\"name\":\"Sellano: Sviluppo del territorio - Alfassa\",\"isPartOf\":{\"@id\":\"https:\/\/alfassa.org\/#website\"},\"primaryImageOfPage\":{\"@id\":\"https:\/\/alfassa.org\/index.php\/2019\/08\/24\/sellano-sviluppo-del-territorio\/50\/#primaryimage\"},\"image\":{\"@id\":\"https:\/\/alfassa.org\/index.php\/2019\/08\/24\/sellano-sviluppo-del-territorio\/50\/#primaryimage\"},\"thumbnailUrl\":\"https:\/\/alfassa.org\/wp-content\/uploads\/2019\/08\/IMG-20190825-WA0002.jpg\",\"datePublished\":\"2019-08-24T00:00:50+00:00\",\"dateModified\":\"2026-02-21T11:27:34+00:00\",\"breadcrumb\":{\"@id\":\"https:\/\/alfassa.org\/index.php\/2019\/08\/24\/sellano-sviluppo-del-territorio\/50\/#breadcrumb\"},\"inLanguage\":\"en-US\",\"potentialAction\":[{\"@type\":\"ReadAction\",\"target\":[\"https:\/\/alfassa.org\/index.php\/2019\/08\/24\/sellano-sviluppo-del-territorio\/50\/\"]}]},{\"@type\":\"ImageObject\",\"inLanguage\":\"en-US\",\"@id\":\"https:\/\/alfassa.org\/index.php\/2019\/08\/24\/sellano-sviluppo-del-territorio\/50\/#primaryimage\",\"url\":\"https:\/\/alfassa.org\/wp-content\/uploads\/2019\/08\/IMG-20190825-WA0002.jpg\",\"contentUrl\":\"https:\/\/alfassa.org\/wp-content\/uploads\/2019\/08\/IMG-20190825-WA0002.jpg\",\"width\":1600,\"height\":1200},{\"@type\":\"BreadcrumbList\",\"@id\":\"https:\/\/alfassa.org\/index.php\/2019\/08\/24\/sellano-sviluppo-del-territorio\/50\/#breadcrumb\",\"itemListElement\":[{\"@type\":\"ListItem\",\"position\":1,\"name\":\"Home\",\"item\":\"https:\/\/alfassa.org\/\"},{\"@type\":\"ListItem\",\"position\":2,\"name\":\"Sellano: Sviluppo del territorio\"}]},{\"@type\":\"WebSite\",\"@id\":\"https:\/\/alfassa.org\/#website\",\"url\":\"https:\/\/alfassa.org\/\",\"name\":\"www.alfassa.org\",\"description\":\"Creating a better future together\",\"publisher\":{\"@id\":\"https:\/\/alfassa.org\/#organization\"},\"potentialAction\":[{\"@type\":\"SearchAction\",\"target\":{\"@type\":\"EntryPoint\",\"urlTemplate\":\"https:\/\/alfassa.org\/?s={search_term_string}\"},\"query-input\":\"required name=search_term_string\"}],\"inLanguage\":\"en-US\"},{\"@type\":\"Organization\",\"@id\":\"https:\/\/alfassa.org\/#organization\",\"name\":\"Alfassa\",\"url\":\"https:\/\/alfassa.org\/\",\"logo\":{\"@type\":\"ImageObject\",\"inLanguage\":\"en-US\",\"@id\":\"https:\/\/alfassa.org\/#\/schema\/logo\/image\/\",\"url\":\"https:\/\/alfassa.org\/wp-content\/uploads\/2020\/01\/Rosa-Alfassa-2024-1024x1010.png\",\"contentUrl\":\"https:\/\/alfassa.org\/wp-content\/uploads\/2020\/01\/Rosa-Alfassa-2024-1024x1010.png\",\"width\":1024,\"height\":1010,\"caption\":\"Alfassa\"},\"image\":{\"@id\":\"https:\/\/alfassa.org\/#\/schema\/logo\/image\/\"},\"sameAs\":[\"https:\/\/www.facebook.com\/alfassa.net\",\"https:\/\/www.linkedin.com\/company\/alfassa\"]},{\"@type\":\"Person\",\"@id\":\"https:\/\/alfassa.org\/#\/schema\/person\/01f90abcf5568ccccf3b627203052163\",\"name\":\"alfassa\",\"image\":{\"@type\":\"ImageObject\",\"inLanguage\":\"en-US\",\"@id\":\"https:\/\/alfassa.org\/#\/schema\/person\/image\/\",\"url\":\"https:\/\/secure.gravatar.com\/avatar\/e370bb3763c6ea520c98266cd7bc39ec?s=96&d=mm&r=g\",\"contentUrl\":\"https:\/\/secure.gravatar.com\/avatar\/e370bb3763c6ea520c98266cd7bc39ec?s=96&d=mm&r=g\",\"caption\":\"alfassa\"},\"sameAs\":[\"http:\/\/media.alfageneration.org\"],\"url\":\"https:\/\/alfassa.org\/index.php\/author\/alfassa\/\"}]}<\/script>\n<!-- \/ Yoast SEO Premium plugin. -->","yoast_head_json":{"title":"Sellano: Sviluppo del territorio - Alfassa","robots":{"index":"index","follow":"follow","max-snippet":"max-snippet:-1","max-image-preview":"max-image-preview:large","max-video-preview":"max-video-preview:-1"},"canonical":"https:\/\/alfassa.org\/index.php\/2019\/08\/24\/sellano-sviluppo-del-territorio\/50\/","og_locale":"en_US","og_type":"article","og_title":"Sellano: Sviluppo del territorio","og_description":"Sellano \u00e8 un pittoresco comune situato nel cuore della bellissima regione dell&#8217;Umbria, in Italia. Con il suo ricco patrimonio ambientale e storico, Sellano ha il potenziale per diventare una meta turistica di rilievo, ma attualmente soffre di un profilo culturale ed economico relativamente basso. Per affrontare questa sfida, \u00e8 stato organizzato un evento speciale con [&hellip;]","og_url":"https:\/\/alfassa.org\/index.php\/2019\/08\/24\/sellano-sviluppo-del-territorio\/50\/","og_site_name":"Alfassa","article_publisher":"https:\/\/www.facebook.com\/alfassa.net","article_published_time":"2019-08-24T00:00:50+00:00","article_modified_time":"2026-02-21T11:27:34+00:00","og_image":[{"width":1600,"height":1200,"url":"https:\/\/alfassa.org\/wp-content\/uploads\/2019\/08\/IMG-20190825-WA0002.jpg","type":"image\/jpeg"}],"author":"alfassa","twitter_card":"summary_large_image","twitter_misc":{"Written by":"alfassa","Est. reading time":"2 minutes"},"schema":{"@context":"https:\/\/schema.org","@graph":[{"@type":"Article","@id":"https:\/\/alfassa.org\/index.php\/2019\/08\/24\/sellano-sviluppo-del-territorio\/50\/#article","isPartOf":{"@id":"https:\/\/alfassa.org\/index.php\/2019\/08\/24\/sellano-sviluppo-del-territorio\/50\/"},"author":{"name":"alfassa","@id":"https:\/\/alfassa.org\/#\/schema\/person\/01f90abcf5568ccccf3b627203052163"},"headline":"Sellano: Sviluppo del territorio","datePublished":"2019-08-24T00:00:50+00:00","dateModified":"2026-02-21T11:27:34+00:00","mainEntityOfPage":{"@id":"https:\/\/alfassa.org\/index.php\/2019\/08\/24\/sellano-sviluppo-del-territorio\/50\/"},"wordCount":357,"commentCount":1,"publisher":{"@id":"https:\/\/alfassa.org\/#organization"},"image":{"@id":"https:\/\/alfassa.org\/index.php\/2019\/08\/24\/sellano-sviluppo-del-territorio\/50\/#primaryimage"},"thumbnailUrl":"https:\/\/alfassa.org\/wp-content\/uploads\/2019\/08\/IMG-20190825-WA0002.jpg","keywords":["Fondazione Homo Novus"],"articleSection":["Eventi"],"inLanguage":"en-US","potentialAction":[{"@type":"CommentAction","name":"Comment","target":["https:\/\/alfassa.org\/index.php\/2019\/08\/24\/sellano-sviluppo-del-territorio\/50\/#respond"]}]},{"@type":"WebPage","@id":"https:\/\/alfassa.org\/index.php\/2019\/08\/24\/sellano-sviluppo-del-territorio\/50\/","url":"https:\/\/alfassa.org\/index.php\/2019\/08\/24\/sellano-sviluppo-del-territorio\/50\/","name":"Sellano: Sviluppo del territorio - Alfassa","isPartOf":{"@id":"https:\/\/alfassa.org\/#website"},"primaryImageOfPage":{"@id":"https:\/\/alfassa.org\/index.php\/2019\/08\/24\/sellano-sviluppo-del-territorio\/50\/#primaryimage"},"image":{"@id":"https:\/\/alfassa.org\/index.php\/2019\/08\/24\/sellano-sviluppo-del-territorio\/50\/#primaryimage"},"thumbnailUrl":"https:\/\/alfassa.org\/wp-content\/uploads\/2019\/08\/IMG-20190825-WA0002.jpg","datePublished":"2019-08-24T00:00:50+00:00","dateModified":"2026-02-21T11:27:34+00:00","breadcrumb":{"@id":"https:\/\/alfassa.org\/index.php\/2019\/08\/24\/sellano-sviluppo-del-territorio\/50\/#breadcrumb"},"inLanguage":"en-US","potentialAction":[{"@type":"ReadAction","target":["https:\/\/alfassa.org\/index.php\/2019\/08\/24\/sellano-sviluppo-del-territorio\/50\/"]}]},{"@type":"ImageObject","inLanguage":"en-US","@id":"https:\/\/alfassa.org\/index.php\/2019\/08\/24\/sellano-sviluppo-del-territorio\/50\/#primaryimage","url":"https:\/\/alfassa.org\/wp-content\/uploads\/2019\/08\/IMG-20190825-WA0002.jpg","contentUrl":"https:\/\/alfassa.org\/wp-content\/uploads\/2019\/08\/IMG-20190825-WA0002.jpg","width":1600,"height":1200},{"@type":"BreadcrumbList","@id":"https:\/\/alfassa.org\/index.php\/2019\/08\/24\/sellano-sviluppo-del-territorio\/50\/#breadcrumb","itemListElement":[{"@type":"ListItem","position":1,"name":"Home","item":"https:\/\/alfassa.org\/"},{"@type":"ListItem","position":2,"name":"Sellano: Sviluppo del territorio"}]},{"@type":"WebSite","@id":"https:\/\/alfassa.org\/#website","url":"https:\/\/alfassa.org\/","name":"www.alfassa.org","description":"Creating a better future together","publisher":{"@id":"https:\/\/alfassa.org\/#organization"},"potentialAction":[{"@type":"SearchAction","target":{"@type":"EntryPoint","urlTemplate":"https:\/\/alfassa.org\/?s={search_term_string}"},"query-input":"required name=search_term_string"}],"inLanguage":"en-US"},{"@type":"Organization","@id":"https:\/\/alfassa.org\/#organization","name":"Alfassa","url":"https:\/\/alfassa.org\/","logo":{"@type":"ImageObject","inLanguage":"en-US","@id":"https:\/\/alfassa.org\/#\/schema\/logo\/image\/","url":"https:\/\/alfassa.org\/wp-content\/uploads\/2020\/01\/Rosa-Alfassa-2024-1024x1010.png","contentUrl":"https:\/\/alfassa.org\/wp-content\/uploads\/2020\/01\/Rosa-Alfassa-2024-1024x1010.png","width":1024,"height":1010,"caption":"Alfassa"},"image":{"@id":"https:\/\/alfassa.org\/#\/schema\/logo\/image\/"},"sameAs":["https:\/\/www.facebook.com\/alfassa.net","https:\/\/www.linkedin.com\/company\/alfassa"]},{"@type":"Person","@id":"https:\/\/alfassa.org\/#\/schema\/person\/01f90abcf5568ccccf3b627203052163","name":"alfassa","image":{"@type":"ImageObject","inLanguage":"en-US","@id":"https:\/\/alfassa.org\/#\/schema\/person\/image\/","url":"https:\/\/secure.gravatar.com\/avatar\/e370bb3763c6ea520c98266cd7bc39ec?s=96&d=mm&r=g","contentUrl":"https:\/\/secure.gravatar.com\/avatar\/e370bb3763c6ea520c98266cd7bc39ec?s=96&d=mm&r=g","caption":"alfassa"},"sameAs":["http:\/\/media.alfageneration.org"],"url":"https:\/\/alfassa.org\/index.php\/author\/alfassa\/"}]}},"_links":{"self":[{"href":"https:\/\/alfassa.org\/index.php\/wp-json\/wp\/v2\/posts\/167","targetHints":{"allow":["GET"]}}],"collection":[{"href":"https:\/\/alfassa.org\/index.php\/wp-json\/wp\/v2\/posts"}],"about":[{"href":"https:\/\/alfassa.org\/index.php\/wp-json\/wp\/v2\/types\/post"}],"author":[{"embeddable":true,"href":"https:\/\/alfassa.org\/index.php\/wp-json\/wp\/v2\/users\/1"}],"replies":[{"embeddable":true,"href":"https:\/\/alfassa.org\/index.php\/wp-json\/wp\/v2\/comments?post=167"}],"version-history":[{"count":5,"href":"https:\/\/alfassa.org\/index.php\/wp-json\/wp\/v2\/posts\/167\/revisions"}],"predecessor-version":[{"id":1000002735,"href":"https:\/\/alfassa.org\/index.php\/wp-json\/wp\/v2\/posts\/167\/revisions\/1000002735"}],"wp:featuredmedia":[{"embeddable":true,"href":"https:\/\/alfassa.org\/index.php\/wp-json\/wp\/v2\/media\/1000002728"}],"wp:attachment":[{"href":"https:\/\/alfassa.org\/index.php\/wp-json\/wp\/v2\/media?parent=167"}],"wp:term":[{"taxonomy":"category","embeddable":true,"href":"https:\/\/alfassa.org\/index.php\/wp-json\/wp\/v2\/categories?post=167"},{"taxonomy":"post_tag","embeddable":true,"href":"https:\/\/alfassa.org\/index.php\/wp-json\/wp\/v2\/tags?post=167"}],"curies":[{"name":"wp","href":"https:\/\/api.w.org\/{rel}","templated":true}]}}