{"id":1000006163,"date":"2026-02-22T08:06:57","date_gmt":"2026-02-22T08:06:57","guid":{"rendered":"https:\/\/alfassa.org\/?p=1000006163"},"modified":"2026-02-22T08:14:26","modified_gmt":"2026-02-22T08:14:26","slug":"i-files-epstein-e-la-filosofia-dellinumanita-del-potere","status":"publish","type":"post","link":"https:\/\/alfassa.org\/index.php\/2026\/02\/22\/i-files-epstein-e-la-filosofia-dellinumanita-del-potere\/57\/","title":{"rendered":"I files Epstein e la Filosofia dell\u2019Inumanit\u00e0 del Potere"},"content":{"rendered":"\t\t<div data-elementor-type=\"wp-post\" data-elementor-id=\"1000006163\" class=\"elementor elementor-1000006163\" data-elementor-post-type=\"post\">\n\t\t\t\t<div class=\"elementor-element elementor-element-38347ab e-flex e-con-boxed e-con e-parent\" data-id=\"38347ab\" data-element_type=\"container\">\n\t\t\t\t\t<div class=\"e-con-inner\">\n\t\t\t\t<div class=\"elementor-element elementor-element-f9391c8 elementor-widget elementor-widget-text-editor\" data-id=\"f9391c8\" data-element_type=\"widget\" data-widget_type=\"text-editor.default\">\n\t\t\t\t<div class=\"elementor-widget-container\">\n\t\t\t\t\t\t\t\t\t<p>Il caso Epstein non \u00e8 soltanto una vicenda giudiziaria, \u00e8 lo specchio oscuro di ci\u00f2 che accade quando il potere si separa dall\u2019etica e si trasforma in dominio.<\/p><p>Quello che \u00e8 emerso dovrebbe scuotere le coscienze dell\u2019umanit\u00e0 intera ed invece, tutto sta transitando nell\u2019indifferenza generale, affermandosi come fatti di cronaca che nessuno \u00e8 in grado di condannare.<\/p><p>Un sistema di sfruttamento sessuale di minori con omicidi e riti satanici che coinvolgeva ambienti di \u00e9lite, relazioni internazionali, protezioni e silenzi. Anche senza indulgere in narrazioni speculative, il dato filosofico \u00e8 chiaro: il potere, quando si sottrae alla responsabilit\u00e0, genera mostri.<\/p><p>Ma ci\u00f2 che inquieta ancora di pi\u00f9 e che ci deve far riflettere non sono i crimini commessi in quell\u2019ambiente, ma come sia stato mai possibile arrivare a tanta disumanit\u00e0.<\/p><p>Questo ambiente non \u00e8 nato casualmente. Esso si strutturato, alimentato e protetto grazie ad un potere superiore che sicuramente non ha nessun rispetto per la vita, chi si sente al di sopra della legge e tende a percepirsi come al di sopra dell\u2019etica.<\/p><p>Non serve immaginare forze sovrannaturali, in questa dinamica \u00e8 l\u2019illusione di onnipotenza a fare le regole del gioco, \u00e8 il credersi intoccabili. \u00c8 la convinzione che la propria posizione giustifichi qualsiasi azione.<\/p><p>Quando un\u2019\u00e9lite cade nell\u2019inumanit\u00e0 non \u00e8 un incidente, diventa una conseguenza, l\u2019ultimo stadio dell\u2019involuzione morale.<\/p><p>Il caso Epstein, al di l\u00e0 delle singole responsabilit\u00e0 penali, ci obbliga a farci una domanda, se esistono ambienti di potere che si auto-proteggono fino a rendere improbabile una vera giustizia, perch\u00e9 hanno reso pubblici tali fatti?<\/p><p>Questa \u00e9lite considera il resto dell\u2019umanit\u00e0 dei parassiti da eliminare, sa perfettamente che per mandare in rovina una societ\u00e0 non deve attaccarla dall\u2019esterno, ma svuotarla dall\u2019interno: disumanizzarla, privarla di empatia, rendere tutto lecito, fino a normalizzare perfino l\u2019atto pi\u00f9 estremo \u2014 come il cannibalismo simbolico del pi\u00f9 debole.<\/p><p>In una societ\u00e0 \u00e8 sufficiente spingere tutti all\u2019interno di un tunnel dal quale risulta impossibile tornare indietro e questa scelta \u00e8 l\u2019integrit\u00e0 morale, che ha tradito se stesso anche una sola una volta,<\/p><ol><li>prima vive nell\u2019indifferenza,<\/li><li>poi nell\u2019ignoranza che \u00e8 la naturale conseguenza,<\/li><li>quindi si afferma nel suo animo l\u2019incoscienza delle relative conseguenze,<\/li><li>non \u00e8 pi\u00f9 in grado di elaborare l\u2019informazione con il proprio pensiero critico<\/li><li>diventa un irresponsabile e agiste solo per pure egoismo<\/li><li>ed alla fine, quando c\u2019\u00e8 la paura di perdere quello che si ha, si convince di essere legittimato a tutto<\/li><\/ol><p>La storia mostra come questo processo sia in grado di creare dei mostri, ed oggi, questa storia non \u00e8 pi\u00f9 un\u2019ombra scura del passato ma una realt\u00e0 concreta.<\/p><p>La filosofia ci insegna che ogni sistema che perde il rispetto per la dignit\u00e0 umana \u00e8 destinato a implodere, anche se nel breve periodo sembra invincibile.<\/p><p>Non \u00e8 necessario evocare entit\u00e0 superiori per comprendere la gravit\u00e0 di ci\u00f2 che accade quando l\u2019uomo si sente Dio. Basta osservare la storia.<\/p><p>Ogni volta che qualcuno ha creduto di poter agire senza conseguenze, la realt\u00e0 ha prima o poi ristabilito un equilibrio.<\/p><p>La vera domanda non \u00e8 se qualcuno verr\u00e0 condannato, <strong>la vera domanda \u00e8 se la societ\u00e0 sapr\u00e0 riconoscere i segni dell\u2019involuzione morale prima che diventi normalit\u00e0.<\/strong><\/p><p><em>Gianni Diotallevi, Fondatore di ALFASSA<\/em><\/p>\t\t\t\t\t\t\t\t<\/div>\n\t\t\t\t<\/div>\n\t\t\t\t\t<\/div>\n\t\t\t\t<\/div>\n\t\t\t\t<\/div>\n\t\t","protected":false},"excerpt":{"rendered":"<p>Il caso Epstein non \u00e8 soltanto una vicenda giudiziaria, \u00e8 lo specchio oscuro di ci\u00f2 che accade quando il potere si separa dall\u2019etica e si trasforma in dominio. Quello che \u00e8 emerso dovrebbe scuotere le coscienze dell\u2019umanit\u00e0 intera ed invece, tutto sta transitando nell\u2019indifferenza generale, affermandosi come fatti di cronaca che nessuno \u00e8 in grado [&hellip;]<\/p>\n","protected":false},"author":1,"featured_media":1000006164,"comment_status":"open","ping_status":"open","sticky":false,"template":"","format":"standard","meta":{"om_disable_all_campaigns":false,"inline_featured_image":false,"footnotes":""},"categories":[6,188],"tags":[59],"class_list":["post-1000006163","post","type-post","status-publish","format-standard","has-post-thumbnail","hentry","category-comitati","category-comitati-umanistici","tag-fondazione-homo-novus"],"yoast_head":"<!-- This site is optimized with the Yoast SEO Premium plugin v23.3 (Yoast SEO v23.3) - https:\/\/yoast.com\/wordpress\/plugins\/seo\/ -->\n<title>I files Epstein e la Filosofia dell\u2019Inumanit\u00e0 del Potere - Alfassa<\/title>\n<meta name=\"robots\" content=\"index, follow, max-snippet:-1, max-image-preview:large, max-video-preview:-1\" \/>\n<link rel=\"canonical\" href=\"https:\/\/alfassa.org\/index.php\/2026\/02\/22\/i-files-epstein-e-la-filosofia-dellinumanita-del-potere\/57\/\" \/>\n<meta property=\"og:locale\" content=\"en_US\" \/>\n<meta property=\"og:type\" content=\"article\" \/>\n<meta property=\"og:title\" content=\"I files Epstein e la Filosofia dell\u2019Inumanit\u00e0 del Potere\" \/>\n<meta property=\"og:description\" content=\"Il caso Epstein non \u00e8 soltanto una vicenda giudiziaria, \u00e8 lo specchio oscuro di ci\u00f2 che accade quando il potere si separa dall\u2019etica e si trasforma in dominio. Quello che \u00e8 emerso dovrebbe scuotere le coscienze dell\u2019umanit\u00e0 intera ed invece, tutto sta transitando nell\u2019indifferenza generale, affermandosi come fatti di cronaca che nessuno \u00e8 in grado [&hellip;]\" \/>\n<meta property=\"og:url\" content=\"https:\/\/alfassa.org\/index.php\/2026\/02\/22\/i-files-epstein-e-la-filosofia-dellinumanita-del-potere\/57\/\" \/>\n<meta property=\"og:site_name\" content=\"Alfassa\" \/>\n<meta property=\"article:publisher\" content=\"https:\/\/www.facebook.com\/alfassa.net\" \/>\n<meta property=\"article:published_time\" content=\"2026-02-22T08:06:57+00:00\" \/>\n<meta property=\"article:modified_time\" content=\"2026-02-22T08:14:26+00:00\" \/>\n<meta property=\"og:image\" content=\"https:\/\/alfassa.org\/wp-content\/uploads\/2026\/02\/Evoluzione-e-involuzione-scaled.jpg\" \/>\n\t<meta property=\"og:image:width\" content=\"2560\" \/>\n\t<meta property=\"og:image:height\" content=\"1174\" \/>\n\t<meta property=\"og:image:type\" content=\"image\/jpeg\" \/>\n<meta name=\"author\" content=\"alfassa\" \/>\n<meta name=\"twitter:card\" content=\"summary_large_image\" \/>\n<meta name=\"twitter:label1\" content=\"Written by\" \/>\n\t<meta name=\"twitter:data1\" content=\"alfassa\" \/>\n\t<meta name=\"twitter:label2\" content=\"Est. reading time\" \/>\n\t<meta name=\"twitter:data2\" content=\"3 minutes\" \/>\n<script type=\"application\/ld+json\" class=\"yoast-schema-graph\">{\"@context\":\"https:\/\/schema.org\",\"@graph\":[{\"@type\":\"Article\",\"@id\":\"https:\/\/alfassa.org\/index.php\/2026\/02\/22\/i-files-epstein-e-la-filosofia-dellinumanita-del-potere\/57\/#article\",\"isPartOf\":{\"@id\":\"https:\/\/alfassa.org\/index.php\/2026\/02\/22\/i-files-epstein-e-la-filosofia-dellinumanita-del-potere\/57\/\"},\"author\":{\"name\":\"alfassa\",\"@id\":\"https:\/\/alfassa.org\/#\/schema\/person\/01f90abcf5568ccccf3b627203052163\"},\"headline\":\"I files Epstein e la Filosofia dell\u2019Inumanit\u00e0 del Potere\",\"datePublished\":\"2026-02-22T08:06:57+00:00\",\"dateModified\":\"2026-02-22T08:14:26+00:00\",\"mainEntityOfPage\":{\"@id\":\"https:\/\/alfassa.org\/index.php\/2026\/02\/22\/i-files-epstein-e-la-filosofia-dellinumanita-del-potere\/57\/\"},\"wordCount\":540,\"commentCount\":0,\"publisher\":{\"@id\":\"https:\/\/alfassa.org\/#organization\"},\"image\":{\"@id\":\"https:\/\/alfassa.org\/index.php\/2026\/02\/22\/i-files-epstein-e-la-filosofia-dellinumanita-del-potere\/57\/#primaryimage\"},\"thumbnailUrl\":\"https:\/\/alfassa.org\/wp-content\/uploads\/2026\/02\/Evoluzione-e-involuzione-scaled.jpg\",\"keywords\":[\"Fondazione Homo Novus\"],\"articleSection\":[\"Comitati\",\"Comitati Umanistici\"],\"inLanguage\":\"en-US\",\"potentialAction\":[{\"@type\":\"CommentAction\",\"name\":\"Comment\",\"target\":[\"https:\/\/alfassa.org\/index.php\/2026\/02\/22\/i-files-epstein-e-la-filosofia-dellinumanita-del-potere\/57\/#respond\"]}]},{\"@type\":\"WebPage\",\"@id\":\"https:\/\/alfassa.org\/index.php\/2026\/02\/22\/i-files-epstein-e-la-filosofia-dellinumanita-del-potere\/57\/\",\"url\":\"https:\/\/alfassa.org\/index.php\/2026\/02\/22\/i-files-epstein-e-la-filosofia-dellinumanita-del-potere\/57\/\",\"name\":\"I files Epstein e la Filosofia dell\u2019Inumanit\u00e0 del Potere - Alfassa\",\"isPartOf\":{\"@id\":\"https:\/\/alfassa.org\/#website\"},\"primaryImageOfPage\":{\"@id\":\"https:\/\/alfassa.org\/index.php\/2026\/02\/22\/i-files-epstein-e-la-filosofia-dellinumanita-del-potere\/57\/#primaryimage\"},\"image\":{\"@id\":\"https:\/\/alfassa.org\/index.php\/2026\/02\/22\/i-files-epstein-e-la-filosofia-dellinumanita-del-potere\/57\/#primaryimage\"},\"thumbnailUrl\":\"https:\/\/alfassa.org\/wp-content\/uploads\/2026\/02\/Evoluzione-e-involuzione-scaled.jpg\",\"datePublished\":\"2026-02-22T08:06:57+00:00\",\"dateModified\":\"2026-02-22T08:14:26+00:00\",\"breadcrumb\":{\"@id\":\"https:\/\/alfassa.org\/index.php\/2026\/02\/22\/i-files-epstein-e-la-filosofia-dellinumanita-del-potere\/57\/#breadcrumb\"},\"inLanguage\":\"en-US\",\"potentialAction\":[{\"@type\":\"ReadAction\",\"target\":[\"https:\/\/alfassa.org\/index.php\/2026\/02\/22\/i-files-epstein-e-la-filosofia-dellinumanita-del-potere\/57\/\"]}]},{\"@type\":\"ImageObject\",\"inLanguage\":\"en-US\",\"@id\":\"https:\/\/alfassa.org\/index.php\/2026\/02\/22\/i-files-epstein-e-la-filosofia-dellinumanita-del-potere\/57\/#primaryimage\",\"url\":\"https:\/\/alfassa.org\/wp-content\/uploads\/2026\/02\/Evoluzione-e-involuzione-scaled.jpg\",\"contentUrl\":\"https:\/\/alfassa.org\/wp-content\/uploads\/2026\/02\/Evoluzione-e-involuzione-scaled.jpg\",\"width\":2560,\"height\":1174},{\"@type\":\"BreadcrumbList\",\"@id\":\"https:\/\/alfassa.org\/index.php\/2026\/02\/22\/i-files-epstein-e-la-filosofia-dellinumanita-del-potere\/57\/#breadcrumb\",\"itemListElement\":[{\"@type\":\"ListItem\",\"position\":1,\"name\":\"Home\",\"item\":\"https:\/\/alfassa.org\/\"},{\"@type\":\"ListItem\",\"position\":2,\"name\":\"I files Epstein e la Filosofia dell\u2019Inumanit\u00e0 del Potere\"}]},{\"@type\":\"WebSite\",\"@id\":\"https:\/\/alfassa.org\/#website\",\"url\":\"https:\/\/alfassa.org\/\",\"name\":\"www.alfassa.org\",\"description\":\"Creating a better future together\",\"publisher\":{\"@id\":\"https:\/\/alfassa.org\/#organization\"},\"potentialAction\":[{\"@type\":\"SearchAction\",\"target\":{\"@type\":\"EntryPoint\",\"urlTemplate\":\"https:\/\/alfassa.org\/?s={search_term_string}\"},\"query-input\":\"required name=search_term_string\"}],\"inLanguage\":\"en-US\"},{\"@type\":\"Organization\",\"@id\":\"https:\/\/alfassa.org\/#organization\",\"name\":\"Alfassa\",\"url\":\"https:\/\/alfassa.org\/\",\"logo\":{\"@type\":\"ImageObject\",\"inLanguage\":\"en-US\",\"@id\":\"https:\/\/alfassa.org\/#\/schema\/logo\/image\/\",\"url\":\"https:\/\/alfassa.org\/wp-content\/uploads\/2020\/01\/Rosa-Alfassa-2024-1024x1010.png\",\"contentUrl\":\"https:\/\/alfassa.org\/wp-content\/uploads\/2020\/01\/Rosa-Alfassa-2024-1024x1010.png\",\"width\":1024,\"height\":1010,\"caption\":\"Alfassa\"},\"image\":{\"@id\":\"https:\/\/alfassa.org\/#\/schema\/logo\/image\/\"},\"sameAs\":[\"https:\/\/www.facebook.com\/alfassa.net\",\"https:\/\/www.linkedin.com\/company\/alfassa\"]},{\"@type\":\"Person\",\"@id\":\"https:\/\/alfassa.org\/#\/schema\/person\/01f90abcf5568ccccf3b627203052163\",\"name\":\"alfassa\",\"image\":{\"@type\":\"ImageObject\",\"inLanguage\":\"en-US\",\"@id\":\"https:\/\/alfassa.org\/#\/schema\/person\/image\/\",\"url\":\"https:\/\/secure.gravatar.com\/avatar\/e370bb3763c6ea520c98266cd7bc39ec?s=96&d=mm&r=g\",\"contentUrl\":\"https:\/\/secure.gravatar.com\/avatar\/e370bb3763c6ea520c98266cd7bc39ec?s=96&d=mm&r=g\",\"caption\":\"alfassa\"},\"sameAs\":[\"http:\/\/media.alfageneration.org\"],\"url\":\"https:\/\/alfassa.org\/index.php\/author\/alfassa\/\"}]}<\/script>\n<!-- \/ Yoast SEO Premium plugin. -->","yoast_head_json":{"title":"I files Epstein e la Filosofia dell\u2019Inumanit\u00e0 del Potere - Alfassa","robots":{"index":"index","follow":"follow","max-snippet":"max-snippet:-1","max-image-preview":"max-image-preview:large","max-video-preview":"max-video-preview:-1"},"canonical":"https:\/\/alfassa.org\/index.php\/2026\/02\/22\/i-files-epstein-e-la-filosofia-dellinumanita-del-potere\/57\/","og_locale":"en_US","og_type":"article","og_title":"I files Epstein e la Filosofia dell\u2019Inumanit\u00e0 del Potere","og_description":"Il caso Epstein non \u00e8 soltanto una vicenda giudiziaria, \u00e8 lo specchio oscuro di ci\u00f2 che accade quando il potere si separa dall\u2019etica e si trasforma in dominio. Quello che \u00e8 emerso dovrebbe scuotere le coscienze dell\u2019umanit\u00e0 intera ed invece, tutto sta transitando nell\u2019indifferenza generale, affermandosi come fatti di cronaca che nessuno \u00e8 in grado [&hellip;]","og_url":"https:\/\/alfassa.org\/index.php\/2026\/02\/22\/i-files-epstein-e-la-filosofia-dellinumanita-del-potere\/57\/","og_site_name":"Alfassa","article_publisher":"https:\/\/www.facebook.com\/alfassa.net","article_published_time":"2026-02-22T08:06:57+00:00","article_modified_time":"2026-02-22T08:14:26+00:00","og_image":[{"width":2560,"height":1174,"url":"https:\/\/alfassa.org\/wp-content\/uploads\/2026\/02\/Evoluzione-e-involuzione-scaled.jpg","type":"image\/jpeg"}],"author":"alfassa","twitter_card":"summary_large_image","twitter_misc":{"Written by":"alfassa","Est. reading time":"3 minutes"},"schema":{"@context":"https:\/\/schema.org","@graph":[{"@type":"Article","@id":"https:\/\/alfassa.org\/index.php\/2026\/02\/22\/i-files-epstein-e-la-filosofia-dellinumanita-del-potere\/57\/#article","isPartOf":{"@id":"https:\/\/alfassa.org\/index.php\/2026\/02\/22\/i-files-epstein-e-la-filosofia-dellinumanita-del-potere\/57\/"},"author":{"name":"alfassa","@id":"https:\/\/alfassa.org\/#\/schema\/person\/01f90abcf5568ccccf3b627203052163"},"headline":"I files Epstein e la Filosofia dell\u2019Inumanit\u00e0 del Potere","datePublished":"2026-02-22T08:06:57+00:00","dateModified":"2026-02-22T08:14:26+00:00","mainEntityOfPage":{"@id":"https:\/\/alfassa.org\/index.php\/2026\/02\/22\/i-files-epstein-e-la-filosofia-dellinumanita-del-potere\/57\/"},"wordCount":540,"commentCount":0,"publisher":{"@id":"https:\/\/alfassa.org\/#organization"},"image":{"@id":"https:\/\/alfassa.org\/index.php\/2026\/02\/22\/i-files-epstein-e-la-filosofia-dellinumanita-del-potere\/57\/#primaryimage"},"thumbnailUrl":"https:\/\/alfassa.org\/wp-content\/uploads\/2026\/02\/Evoluzione-e-involuzione-scaled.jpg","keywords":["Fondazione Homo Novus"],"articleSection":["Comitati","Comitati Umanistici"],"inLanguage":"en-US","potentialAction":[{"@type":"CommentAction","name":"Comment","target":["https:\/\/alfassa.org\/index.php\/2026\/02\/22\/i-files-epstein-e-la-filosofia-dellinumanita-del-potere\/57\/#respond"]}]},{"@type":"WebPage","@id":"https:\/\/alfassa.org\/index.php\/2026\/02\/22\/i-files-epstein-e-la-filosofia-dellinumanita-del-potere\/57\/","url":"https:\/\/alfassa.org\/index.php\/2026\/02\/22\/i-files-epstein-e-la-filosofia-dellinumanita-del-potere\/57\/","name":"I files Epstein e la Filosofia dell\u2019Inumanit\u00e0 del Potere - Alfassa","isPartOf":{"@id":"https:\/\/alfassa.org\/#website"},"primaryImageOfPage":{"@id":"https:\/\/alfassa.org\/index.php\/2026\/02\/22\/i-files-epstein-e-la-filosofia-dellinumanita-del-potere\/57\/#primaryimage"},"image":{"@id":"https:\/\/alfassa.org\/index.php\/2026\/02\/22\/i-files-epstein-e-la-filosofia-dellinumanita-del-potere\/57\/#primaryimage"},"thumbnailUrl":"https:\/\/alfassa.org\/wp-content\/uploads\/2026\/02\/Evoluzione-e-involuzione-scaled.jpg","datePublished":"2026-02-22T08:06:57+00:00","dateModified":"2026-02-22T08:14:26+00:00","breadcrumb":{"@id":"https:\/\/alfassa.org\/index.php\/2026\/02\/22\/i-files-epstein-e-la-filosofia-dellinumanita-del-potere\/57\/#breadcrumb"},"inLanguage":"en-US","potentialAction":[{"@type":"ReadAction","target":["https:\/\/alfassa.org\/index.php\/2026\/02\/22\/i-files-epstein-e-la-filosofia-dellinumanita-del-potere\/57\/"]}]},{"@type":"ImageObject","inLanguage":"en-US","@id":"https:\/\/alfassa.org\/index.php\/2026\/02\/22\/i-files-epstein-e-la-filosofia-dellinumanita-del-potere\/57\/#primaryimage","url":"https:\/\/alfassa.org\/wp-content\/uploads\/2026\/02\/Evoluzione-e-involuzione-scaled.jpg","contentUrl":"https:\/\/alfassa.org\/wp-content\/uploads\/2026\/02\/Evoluzione-e-involuzione-scaled.jpg","width":2560,"height":1174},{"@type":"BreadcrumbList","@id":"https:\/\/alfassa.org\/index.php\/2026\/02\/22\/i-files-epstein-e-la-filosofia-dellinumanita-del-potere\/57\/#breadcrumb","itemListElement":[{"@type":"ListItem","position":1,"name":"Home","item":"https:\/\/alfassa.org\/"},{"@type":"ListItem","position":2,"name":"I files Epstein e la Filosofia dell\u2019Inumanit\u00e0 del Potere"}]},{"@type":"WebSite","@id":"https:\/\/alfassa.org\/#website","url":"https:\/\/alfassa.org\/","name":"www.alfassa.org","description":"Creating a better future together","publisher":{"@id":"https:\/\/alfassa.org\/#organization"},"potentialAction":[{"@type":"SearchAction","target":{"@type":"EntryPoint","urlTemplate":"https:\/\/alfassa.org\/?s={search_term_string}"},"query-input":"required name=search_term_string"}],"inLanguage":"en-US"},{"@type":"Organization","@id":"https:\/\/alfassa.org\/#organization","name":"Alfassa","url":"https:\/\/alfassa.org\/","logo":{"@type":"ImageObject","inLanguage":"en-US","@id":"https:\/\/alfassa.org\/#\/schema\/logo\/image\/","url":"https:\/\/alfassa.org\/wp-content\/uploads\/2020\/01\/Rosa-Alfassa-2024-1024x1010.png","contentUrl":"https:\/\/alfassa.org\/wp-content\/uploads\/2020\/01\/Rosa-Alfassa-2024-1024x1010.png","width":1024,"height":1010,"caption":"Alfassa"},"image":{"@id":"https:\/\/alfassa.org\/#\/schema\/logo\/image\/"},"sameAs":["https:\/\/www.facebook.com\/alfassa.net","https:\/\/www.linkedin.com\/company\/alfassa"]},{"@type":"Person","@id":"https:\/\/alfassa.org\/#\/schema\/person\/01f90abcf5568ccccf3b627203052163","name":"alfassa","image":{"@type":"ImageObject","inLanguage":"en-US","@id":"https:\/\/alfassa.org\/#\/schema\/person\/image\/","url":"https:\/\/secure.gravatar.com\/avatar\/e370bb3763c6ea520c98266cd7bc39ec?s=96&d=mm&r=g","contentUrl":"https:\/\/secure.gravatar.com\/avatar\/e370bb3763c6ea520c98266cd7bc39ec?s=96&d=mm&r=g","caption":"alfassa"},"sameAs":["http:\/\/media.alfageneration.org"],"url":"https:\/\/alfassa.org\/index.php\/author\/alfassa\/"}]}},"_links":{"self":[{"href":"https:\/\/alfassa.org\/index.php\/wp-json\/wp\/v2\/posts\/1000006163","targetHints":{"allow":["GET"]}}],"collection":[{"href":"https:\/\/alfassa.org\/index.php\/wp-json\/wp\/v2\/posts"}],"about":[{"href":"https:\/\/alfassa.org\/index.php\/wp-json\/wp\/v2\/types\/post"}],"author":[{"embeddable":true,"href":"https:\/\/alfassa.org\/index.php\/wp-json\/wp\/v2\/users\/1"}],"replies":[{"embeddable":true,"href":"https:\/\/alfassa.org\/index.php\/wp-json\/wp\/v2\/comments?post=1000006163"}],"version-history":[{"count":7,"href":"https:\/\/alfassa.org\/index.php\/wp-json\/wp\/v2\/posts\/1000006163\/revisions"}],"predecessor-version":[{"id":1000006171,"href":"https:\/\/alfassa.org\/index.php\/wp-json\/wp\/v2\/posts\/1000006163\/revisions\/1000006171"}],"wp:featuredmedia":[{"embeddable":true,"href":"https:\/\/alfassa.org\/index.php\/wp-json\/wp\/v2\/media\/1000006164"}],"wp:attachment":[{"href":"https:\/\/alfassa.org\/index.php\/wp-json\/wp\/v2\/media?parent=1000006163"}],"wp:term":[{"taxonomy":"category","embeddable":true,"href":"https:\/\/alfassa.org\/index.php\/wp-json\/wp\/v2\/categories?post=1000006163"},{"taxonomy":"post_tag","embeddable":true,"href":"https:\/\/alfassa.org\/index.php\/wp-json\/wp\/v2\/tags?post=1000006163"}],"curies":[{"name":"wp","href":"https:\/\/api.w.org\/{rel}","templated":true}]}}