{"id":1000006069,"date":"2026-02-21T21:13:46","date_gmt":"2026-02-21T21:13:46","guid":{"rendered":"https:\/\/alfassa.org\/?p=1000006069"},"modified":"2026-02-21T21:56:37","modified_gmt":"2026-02-21T21:56:37","slug":"fondazione-homo-novus-scopri-il-calendario-degli-eventi-approfondisci-i-progetti-in-corso-e-scegli-di-partecipare-attivamente-alla-costruzione-di-un-nuovo-paradigma-culturale","status":"publish","type":"post","link":"https:\/\/alfassa.org\/index.php\/2026\/02\/21\/fondazione-homo-novus-scopri-il-calendario-degli-eventi-approfondisci-i-progetti-in-corso-e-scegli-di-partecipare-attivamente-alla-costruzione-di-un-nuovo-paradigma-culturale\/46\/","title":{"rendered":"Scopri il calendario degli eventi, iscriviti ai corsi e scegli di partecipare attivamente alla costruzione di un futuro migliore."},"content":{"rendered":"\t\t<div data-elementor-type=\"wp-post\" data-elementor-id=\"1000006069\" class=\"elementor elementor-1000006069\" data-elementor-post-type=\"post\">\n\t\t\t\t<div class=\"elementor-element elementor-element-084279a e-flex e-con-boxed e-con e-parent\" data-id=\"084279a\" data-element_type=\"container\">\n\t\t\t\t\t<div class=\"e-con-inner\">\n\t\t\t\t<div class=\"elementor-element elementor-element-3f9ee91 elementor-widget elementor-widget-text-editor\" data-id=\"3f9ee91\" data-element_type=\"widget\" data-widget_type=\"text-editor.default\">\n\t\t\t\t<div class=\"elementor-widget-container\">\n\t\t\t\t\t\t\t\t\t<h3 data-start=\"85\" data-end=\"133\">L&#8217;uomo e l&#8217;ambiente al centro<\/h3><p data-start=\"135\" data-end=\"435\">Viviamo in un\u2019epoca di grandi trasformazioni, dove tecnologia, economia e societ\u00e0 cambiano a una velocit\u00e0 senza precedenti. In questo scenario, la <strong data-start=\"282\" data-end=\"307\">Fondazione Homo Novus<\/strong> nasce con un obiettivo chiaro e ambizioso: riportare al centro la persona, la cultura e la crescita consapevole dell\u2019individuo.<\/p><p data-start=\"437\" data-end=\"669\">Non \u00e8 solo una fondazione, \u00e8 un laboratorio di idee, un punto di incontro tra professionisti, educatori, imprenditori, studenti e cittadini che credono nella possibilit\u00e0 di costruire un futuro pi\u00f9 umano, pi\u00f9 etico e pi\u00f9 consapevole.<\/p><hr data-start=\"671\" data-end=\"674\" \/><h2 data-start=\"676\" data-end=\"712\"><span style=\"font-size: 14pt;\">Una comunit\u00e0 di pensiero e di azione<\/span><\/h2><p data-start=\"714\" data-end=\"737\">La Fondazione promuove:<\/p><ul data-start=\"739\" data-end=\"973\"><li data-start=\"739\" data-end=\"773\"><p data-start=\"741\" data-end=\"773\">Eventi culturali e divulgativi<\/p><\/li><li data-start=\"774\" data-end=\"816\"><p data-start=\"776\" data-end=\"816\">Incontri formativi e workshop tematici<\/p><\/li><li data-start=\"817\" data-end=\"875\"><p data-start=\"819\" data-end=\"875\">Conferenze su educazione, innovazione, etica e societ\u00e0<\/p><\/li><li data-start=\"876\" data-end=\"926\"><p data-start=\"878\" data-end=\"926\">Percorsi di crescita personale e professionale<\/p><\/li><li data-start=\"927\" data-end=\"973\"><p data-start=\"929\" data-end=\"973\">Progetti sociali e iniziative territoriali<\/p><\/li><\/ul><p data-start=\"975\" data-end=\"1155\">Ogni evento \u00e8 pensato non come semplice momento informativo, ma come <strong data-start=\"1044\" data-end=\"1072\">esperienza trasformativa<\/strong>, capace di stimolare riflessione, dialogo e connessioni autentiche tra le persone.<\/p><hr data-start=\"1157\" data-end=\"1160\" \/><h2 data-start=\"1162\" data-end=\"1195\"><span style=\"font-size: 14pt;\">Perch\u00e9 partecipare agli eventi<\/span><\/h2><p data-start=\"1197\" data-end=\"1259\">Partecipare agli eventi della Fondazione Homo Novus significa:<\/p><ul data-start=\"1261\" data-end=\"1506\"><li data-start=\"1261\" data-end=\"1330\"><p data-start=\"1263\" data-end=\"1330\">Entrare in contatto con relatori qualificati e visioni innovative<\/p><\/li><li data-start=\"1331\" data-end=\"1384\"><p data-start=\"1333\" data-end=\"1384\">Confrontarsi su temi centrali per il nostro tempo<\/p><\/li><li data-start=\"1385\" data-end=\"1448\"><p data-start=\"1387\" data-end=\"1448\">Costruire relazioni significative in un ambiente stimolante<\/p><\/li><li data-start=\"1449\" data-end=\"1506\"><p data-start=\"1451\" data-end=\"1506\">Contribuire attivamente a una comunit\u00e0 culturale viva<\/p><\/li><\/ul><p data-start=\"1508\" data-end=\"1701\"><strong>Non \u00e8 solo un\u2019occasione per uscire dalla superficialit\u00e0 del dibattito quotidiano e riscoprire la profondit\u00e0 del pensiero, l\u2019importanza dell\u2019etica e la responsabilit\u00e0 individuale nel costruire il futuro, \u00e8 la possibilit\u00e0 di trasformare questo momento di crisi ed una grande opportunit\u00e0 di crescita e di sviluppo.<\/strong><\/p><hr data-start=\"1703\" data-end=\"1706\" \/><h2 data-start=\"1708\" data-end=\"1727\"><span style=\"font-size: 14pt;\">Un invito aperto<\/span><\/h2><p data-start=\"1729\" data-end=\"1851\">La Fondazione Homo Novus non \u00e8 riservata a pochi, \u00e8\u00a0uno spazio aperto a chi desidera crescere, comprendere, contribuire.<\/p><p data-start=\"1853\" data-end=\"2042\">Se senti il bisogno di andare oltre l\u2019apparenza, di partecipare a eventi che lasciano un segno e di far parte di una rete di persone animate dagli stessi valori, questo \u00e8 il momento giusto.<\/p><p data-start=\"2044\" data-end=\"2113\">\ud83d\udc49 Visita tutti i prossimi eventi in programmazione<\/p>\t\t\t\t\t\t\t\t<\/div>\n\t\t\t\t<\/div>\n\t\t\t\t\t<\/div>\n\t\t\t\t<\/div>\n\t\t<div class=\"elementor-element elementor-element-04469ac e-flex e-con-boxed e-con e-parent\" data-id=\"04469ac\" data-element_type=\"container\">\n\t\t\t\t\t<div class=\"e-con-inner\">\n\t\t\t\t<div class=\"elementor-element elementor-element-dc95735 elementor-widget elementor-widget-button\" data-id=\"dc95735\" data-element_type=\"widget\" data-widget_type=\"button.default\">\n\t\t\t\t<div class=\"elementor-widget-container\">\n\t\t\t\t\t\t\t\t\t<div class=\"elementor-button-wrapper\">\n\t\t\t\t\t<a class=\"elementor-button elementor-button-link elementor-size-sm\" href=\"https:\/\/fondazionehomonovus.net\/events\/\">\n\t\t\t\t\t\t<span class=\"elementor-button-content-wrapper\">\n\t\t\t\t\t\t\t\t\t<span class=\"elementor-button-text\">Bacheca del eventi<\/span>\n\t\t\t\t\t<\/span>\n\t\t\t\t\t<\/a>\n\t\t\t\t<\/div>\n\t\t\t\t\t\t\t\t<\/div>\n\t\t\t\t<\/div>\n\t\t\t\t\t<\/div>\n\t\t\t\t<\/div>\n\t\t\t\t<\/div>\n\t\t","protected":false},"excerpt":{"rendered":"<p>L&#8217;uomo e l&#8217;ambiente al centro Viviamo in un\u2019epoca di grandi trasformazioni, dove tecnologia, economia e societ\u00e0 cambiano a una velocit\u00e0 senza precedenti. In questo scenario, la Fondazione Homo Novus nasce con un obiettivo chiaro e ambizioso: riportare al centro la persona, la cultura e la crescita consapevole dell\u2019individuo. Non \u00e8 solo una fondazione, \u00e8 un [&hellip;]<\/p>\n","protected":false},"author":1,"featured_media":1000006085,"comment_status":"open","ping_status":"open","sticky":false,"template":"","format":"standard","meta":{"om_disable_all_campaigns":false,"inline_featured_image":false,"footnotes":""},"categories":[4],"tags":[59],"class_list":["post-1000006069","post","type-post","status-publish","format-standard","has-post-thumbnail","hentry","category-formazione","tag-fondazione-homo-novus"],"yoast_head":"<!-- This site is optimized with the Yoast SEO Premium plugin v23.3 (Yoast SEO v23.3) - https:\/\/yoast.com\/wordpress\/plugins\/seo\/ -->\n<title>Scopri il calendario degli eventi, iscriviti ai corsi e scegli di partecipare attivamente alla costruzione di un futuro migliore. - Alfassa<\/title>\n<meta name=\"robots\" content=\"index, follow, max-snippet:-1, max-image-preview:large, max-video-preview:-1\" \/>\n<link rel=\"canonical\" href=\"https:\/\/alfassa.org\/index.php\/2026\/02\/21\/fondazione-homo-novus-scopri-il-calendario-degli-eventi-approfondisci-i-progetti-in-corso-e-scegli-di-partecipare-attivamente-alla-costruzione-di-un-nuovo-paradigma-culturale\/46\/\" \/>\n<meta property=\"og:locale\" content=\"en_US\" \/>\n<meta property=\"og:type\" content=\"article\" \/>\n<meta property=\"og:title\" content=\"Scopri il calendario degli eventi, iscriviti ai corsi e scegli di partecipare attivamente alla costruzione di un futuro migliore.\" \/>\n<meta property=\"og:description\" content=\"L&#8217;uomo e l&#8217;ambiente al centro Viviamo in un\u2019epoca di grandi trasformazioni, dove tecnologia, economia e societ\u00e0 cambiano a una velocit\u00e0 senza precedenti. In questo scenario, la Fondazione Homo Novus nasce con un obiettivo chiaro e ambizioso: riportare al centro la persona, la cultura e la crescita consapevole dell\u2019individuo. Non \u00e8 solo una fondazione, \u00e8 un [&hellip;]\" \/>\n<meta property=\"og:url\" content=\"https:\/\/alfassa.org\/index.php\/2026\/02\/21\/fondazione-homo-novus-scopri-il-calendario-degli-eventi-approfondisci-i-progetti-in-corso-e-scegli-di-partecipare-attivamente-alla-costruzione-di-un-nuovo-paradigma-culturale\/46\/\" \/>\n<meta property=\"og:site_name\" content=\"Alfassa\" \/>\n<meta property=\"article:publisher\" content=\"https:\/\/www.facebook.com\/alfassa.net\" \/>\n<meta property=\"article:published_time\" content=\"2026-02-21T21:13:46+00:00\" \/>\n<meta property=\"article:modified_time\" content=\"2026-02-21T21:56:37+00:00\" \/>\n<meta property=\"og:image\" content=\"https:\/\/alfassa.org\/wp-content\/uploads\/2026\/02\/Corsi-di-formazione-jpg-1024x768.png\" \/>\n\t<meta property=\"og:image:width\" content=\"1024\" \/>\n\t<meta property=\"og:image:height\" content=\"768\" \/>\n\t<meta property=\"og:image:type\" content=\"image\/png\" \/>\n<meta name=\"author\" content=\"alfassa\" \/>\n<meta name=\"twitter:card\" content=\"summary_large_image\" \/>\n<meta name=\"twitter:label1\" content=\"Written by\" \/>\n\t<meta name=\"twitter:data1\" content=\"alfassa\" \/>\n\t<meta name=\"twitter:label2\" content=\"Est. reading time\" \/>\n\t<meta name=\"twitter:data2\" content=\"2 minutes\" \/>\n<script type=\"application\/ld+json\" class=\"yoast-schema-graph\">{\"@context\":\"https:\/\/schema.org\",\"@graph\":[{\"@type\":\"Article\",\"@id\":\"https:\/\/alfassa.org\/index.php\/2026\/02\/21\/fondazione-homo-novus-scopri-il-calendario-degli-eventi-approfondisci-i-progetti-in-corso-e-scegli-di-partecipare-attivamente-alla-costruzione-di-un-nuovo-paradigma-culturale\/46\/#article\",\"isPartOf\":{\"@id\":\"https:\/\/alfassa.org\/index.php\/2026\/02\/21\/fondazione-homo-novus-scopri-il-calendario-degli-eventi-approfondisci-i-progetti-in-corso-e-scegli-di-partecipare-attivamente-alla-costruzione-di-un-nuovo-paradigma-culturale\/46\/\"},\"author\":{\"name\":\"alfassa\",\"@id\":\"https:\/\/alfassa.org\/#\/schema\/person\/01f90abcf5568ccccf3b627203052163\"},\"headline\":\"Scopri il calendario degli eventi, iscriviti ai corsi e scegli di partecipare attivamente alla costruzione di un futuro migliore.\",\"datePublished\":\"2026-02-21T21:13:46+00:00\",\"dateModified\":\"2026-02-21T21:56:37+00:00\",\"mainEntityOfPage\":{\"@id\":\"https:\/\/alfassa.org\/index.php\/2026\/02\/21\/fondazione-homo-novus-scopri-il-calendario-degli-eventi-approfondisci-i-progetti-in-corso-e-scegli-di-partecipare-attivamente-alla-costruzione-di-un-nuovo-paradigma-culturale\/46\/\"},\"wordCount\":318,\"commentCount\":0,\"publisher\":{\"@id\":\"https:\/\/alfassa.org\/#organization\"},\"image\":{\"@id\":\"https:\/\/alfassa.org\/index.php\/2026\/02\/21\/fondazione-homo-novus-scopri-il-calendario-degli-eventi-approfondisci-i-progetti-in-corso-e-scegli-di-partecipare-attivamente-alla-costruzione-di-un-nuovo-paradigma-culturale\/46\/#primaryimage\"},\"thumbnailUrl\":\"https:\/\/alfassa.org\/wp-content\/uploads\/2026\/02\/Corsi-di-formazione-jpg.png\",\"keywords\":[\"Fondazione Homo Novus\"],\"articleSection\":[\"Formazione\"],\"inLanguage\":\"en-US\",\"potentialAction\":[{\"@type\":\"CommentAction\",\"name\":\"Comment\",\"target\":[\"https:\/\/alfassa.org\/index.php\/2026\/02\/21\/fondazione-homo-novus-scopri-il-calendario-degli-eventi-approfondisci-i-progetti-in-corso-e-scegli-di-partecipare-attivamente-alla-costruzione-di-un-nuovo-paradigma-culturale\/46\/#respond\"]}]},{\"@type\":\"WebPage\",\"@id\":\"https:\/\/alfassa.org\/index.php\/2026\/02\/21\/fondazione-homo-novus-scopri-il-calendario-degli-eventi-approfondisci-i-progetti-in-corso-e-scegli-di-partecipare-attivamente-alla-costruzione-di-un-nuovo-paradigma-culturale\/46\/\",\"url\":\"https:\/\/alfassa.org\/index.php\/2026\/02\/21\/fondazione-homo-novus-scopri-il-calendario-degli-eventi-approfondisci-i-progetti-in-corso-e-scegli-di-partecipare-attivamente-alla-costruzione-di-un-nuovo-paradigma-culturale\/46\/\",\"name\":\"Scopri il calendario degli eventi, iscriviti ai corsi e scegli di partecipare attivamente alla costruzione di un futuro migliore. - Alfassa\",\"isPartOf\":{\"@id\":\"https:\/\/alfassa.org\/#website\"},\"primaryImageOfPage\":{\"@id\":\"https:\/\/alfassa.org\/index.php\/2026\/02\/21\/fondazione-homo-novus-scopri-il-calendario-degli-eventi-approfondisci-i-progetti-in-corso-e-scegli-di-partecipare-attivamente-alla-costruzione-di-un-nuovo-paradigma-culturale\/46\/#primaryimage\"},\"image\":{\"@id\":\"https:\/\/alfassa.org\/index.php\/2026\/02\/21\/fondazione-homo-novus-scopri-il-calendario-degli-eventi-approfondisci-i-progetti-in-corso-e-scegli-di-partecipare-attivamente-alla-costruzione-di-un-nuovo-paradigma-culturale\/46\/#primaryimage\"},\"thumbnailUrl\":\"https:\/\/alfassa.org\/wp-content\/uploads\/2026\/02\/Corsi-di-formazione-jpg.png\",\"datePublished\":\"2026-02-21T21:13:46+00:00\",\"dateModified\":\"2026-02-21T21:56:37+00:00\",\"breadcrumb\":{\"@id\":\"https:\/\/alfassa.org\/index.php\/2026\/02\/21\/fondazione-homo-novus-scopri-il-calendario-degli-eventi-approfondisci-i-progetti-in-corso-e-scegli-di-partecipare-attivamente-alla-costruzione-di-un-nuovo-paradigma-culturale\/46\/#breadcrumb\"},\"inLanguage\":\"en-US\",\"potentialAction\":[{\"@type\":\"ReadAction\",\"target\":[\"https:\/\/alfassa.org\/index.php\/2026\/02\/21\/fondazione-homo-novus-scopri-il-calendario-degli-eventi-approfondisci-i-progetti-in-corso-e-scegli-di-partecipare-attivamente-alla-costruzione-di-un-nuovo-paradigma-culturale\/46\/\"]}]},{\"@type\":\"ImageObject\",\"inLanguage\":\"en-US\",\"@id\":\"https:\/\/alfassa.org\/index.php\/2026\/02\/21\/fondazione-homo-novus-scopri-il-calendario-degli-eventi-approfondisci-i-progetti-in-corso-e-scegli-di-partecipare-attivamente-alla-costruzione-di-un-nuovo-paradigma-culturale\/46\/#primaryimage\",\"url\":\"https:\/\/alfassa.org\/wp-content\/uploads\/2026\/02\/Corsi-di-formazione-jpg.png\",\"contentUrl\":\"https:\/\/alfassa.org\/wp-content\/uploads\/2026\/02\/Corsi-di-formazione-jpg.png\",\"width\":3300,\"height\":2475},{\"@type\":\"BreadcrumbList\",\"@id\":\"https:\/\/alfassa.org\/index.php\/2026\/02\/21\/fondazione-homo-novus-scopri-il-calendario-degli-eventi-approfondisci-i-progetti-in-corso-e-scegli-di-partecipare-attivamente-alla-costruzione-di-un-nuovo-paradigma-culturale\/46\/#breadcrumb\",\"itemListElement\":[{\"@type\":\"ListItem\",\"position\":1,\"name\":\"Home\",\"item\":\"https:\/\/alfassa.org\/\"},{\"@type\":\"ListItem\",\"position\":2,\"name\":\"Scopri il calendario degli eventi, iscriviti ai corsi e scegli di partecipare attivamente alla costruzione di un futuro migliore.\"}]},{\"@type\":\"WebSite\",\"@id\":\"https:\/\/alfassa.org\/#website\",\"url\":\"https:\/\/alfassa.org\/\",\"name\":\"www.alfassa.org\",\"description\":\"Creating a better future together\",\"publisher\":{\"@id\":\"https:\/\/alfassa.org\/#organization\"},\"potentialAction\":[{\"@type\":\"SearchAction\",\"target\":{\"@type\":\"EntryPoint\",\"urlTemplate\":\"https:\/\/alfassa.org\/?s={search_term_string}\"},\"query-input\":\"required name=search_term_string\"}],\"inLanguage\":\"en-US\"},{\"@type\":\"Organization\",\"@id\":\"https:\/\/alfassa.org\/#organization\",\"name\":\"Alfassa\",\"url\":\"https:\/\/alfassa.org\/\",\"logo\":{\"@type\":\"ImageObject\",\"inLanguage\":\"en-US\",\"@id\":\"https:\/\/alfassa.org\/#\/schema\/logo\/image\/\",\"url\":\"https:\/\/alfassa.org\/wp-content\/uploads\/2020\/01\/Rosa-Alfassa-2024-1024x1010.png\",\"contentUrl\":\"https:\/\/alfassa.org\/wp-content\/uploads\/2020\/01\/Rosa-Alfassa-2024-1024x1010.png\",\"width\":1024,\"height\":1010,\"caption\":\"Alfassa\"},\"image\":{\"@id\":\"https:\/\/alfassa.org\/#\/schema\/logo\/image\/\"},\"sameAs\":[\"https:\/\/www.facebook.com\/alfassa.net\",\"https:\/\/www.linkedin.com\/company\/alfassa\"]},{\"@type\":\"Person\",\"@id\":\"https:\/\/alfassa.org\/#\/schema\/person\/01f90abcf5568ccccf3b627203052163\",\"name\":\"alfassa\",\"image\":{\"@type\":\"ImageObject\",\"inLanguage\":\"en-US\",\"@id\":\"https:\/\/alfassa.org\/#\/schema\/person\/image\/\",\"url\":\"https:\/\/secure.gravatar.com\/avatar\/e370bb3763c6ea520c98266cd7bc39ec?s=96&d=mm&r=g\",\"contentUrl\":\"https:\/\/secure.gravatar.com\/avatar\/e370bb3763c6ea520c98266cd7bc39ec?s=96&d=mm&r=g\",\"caption\":\"alfassa\"},\"sameAs\":[\"http:\/\/media.alfageneration.org\"],\"url\":\"https:\/\/alfassa.org\/index.php\/author\/alfassa\/\"}]}<\/script>\n<!-- \/ Yoast SEO Premium plugin. -->","yoast_head_json":{"title":"Scopri il calendario degli eventi, iscriviti ai corsi e scegli di partecipare attivamente alla costruzione di un futuro migliore. - Alfassa","robots":{"index":"index","follow":"follow","max-snippet":"max-snippet:-1","max-image-preview":"max-image-preview:large","max-video-preview":"max-video-preview:-1"},"canonical":"https:\/\/alfassa.org\/index.php\/2026\/02\/21\/fondazione-homo-novus-scopri-il-calendario-degli-eventi-approfondisci-i-progetti-in-corso-e-scegli-di-partecipare-attivamente-alla-costruzione-di-un-nuovo-paradigma-culturale\/46\/","og_locale":"en_US","og_type":"article","og_title":"Scopri il calendario degli eventi, iscriviti ai corsi e scegli di partecipare attivamente alla costruzione di un futuro migliore.","og_description":"L&#8217;uomo e l&#8217;ambiente al centro Viviamo in un\u2019epoca di grandi trasformazioni, dove tecnologia, economia e societ\u00e0 cambiano a una velocit\u00e0 senza precedenti. In questo scenario, la Fondazione Homo Novus nasce con un obiettivo chiaro e ambizioso: riportare al centro la persona, la cultura e la crescita consapevole dell\u2019individuo. Non \u00e8 solo una fondazione, \u00e8 un [&hellip;]","og_url":"https:\/\/alfassa.org\/index.php\/2026\/02\/21\/fondazione-homo-novus-scopri-il-calendario-degli-eventi-approfondisci-i-progetti-in-corso-e-scegli-di-partecipare-attivamente-alla-costruzione-di-un-nuovo-paradigma-culturale\/46\/","og_site_name":"Alfassa","article_publisher":"https:\/\/www.facebook.com\/alfassa.net","article_published_time":"2026-02-21T21:13:46+00:00","article_modified_time":"2026-02-21T21:56:37+00:00","og_image":[{"width":1024,"height":768,"url":"https:\/\/alfassa.org\/wp-content\/uploads\/2026\/02\/Corsi-di-formazione-jpg-1024x768.png","type":"image\/png"}],"author":"alfassa","twitter_card":"summary_large_image","twitter_misc":{"Written by":"alfassa","Est. reading time":"2 minutes"},"schema":{"@context":"https:\/\/schema.org","@graph":[{"@type":"Article","@id":"https:\/\/alfassa.org\/index.php\/2026\/02\/21\/fondazione-homo-novus-scopri-il-calendario-degli-eventi-approfondisci-i-progetti-in-corso-e-scegli-di-partecipare-attivamente-alla-costruzione-di-un-nuovo-paradigma-culturale\/46\/#article","isPartOf":{"@id":"https:\/\/alfassa.org\/index.php\/2026\/02\/21\/fondazione-homo-novus-scopri-il-calendario-degli-eventi-approfondisci-i-progetti-in-corso-e-scegli-di-partecipare-attivamente-alla-costruzione-di-un-nuovo-paradigma-culturale\/46\/"},"author":{"name":"alfassa","@id":"https:\/\/alfassa.org\/#\/schema\/person\/01f90abcf5568ccccf3b627203052163"},"headline":"Scopri il calendario degli eventi, iscriviti ai corsi e scegli di partecipare attivamente alla costruzione di un futuro migliore.","datePublished":"2026-02-21T21:13:46+00:00","dateModified":"2026-02-21T21:56:37+00:00","mainEntityOfPage":{"@id":"https:\/\/alfassa.org\/index.php\/2026\/02\/21\/fondazione-homo-novus-scopri-il-calendario-degli-eventi-approfondisci-i-progetti-in-corso-e-scegli-di-partecipare-attivamente-alla-costruzione-di-un-nuovo-paradigma-culturale\/46\/"},"wordCount":318,"commentCount":0,"publisher":{"@id":"https:\/\/alfassa.org\/#organization"},"image":{"@id":"https:\/\/alfassa.org\/index.php\/2026\/02\/21\/fondazione-homo-novus-scopri-il-calendario-degli-eventi-approfondisci-i-progetti-in-corso-e-scegli-di-partecipare-attivamente-alla-costruzione-di-un-nuovo-paradigma-culturale\/46\/#primaryimage"},"thumbnailUrl":"https:\/\/alfassa.org\/wp-content\/uploads\/2026\/02\/Corsi-di-formazione-jpg.png","keywords":["Fondazione Homo Novus"],"articleSection":["Formazione"],"inLanguage":"en-US","potentialAction":[{"@type":"CommentAction","name":"Comment","target":["https:\/\/alfassa.org\/index.php\/2026\/02\/21\/fondazione-homo-novus-scopri-il-calendario-degli-eventi-approfondisci-i-progetti-in-corso-e-scegli-di-partecipare-attivamente-alla-costruzione-di-un-nuovo-paradigma-culturale\/46\/#respond"]}]},{"@type":"WebPage","@id":"https:\/\/alfassa.org\/index.php\/2026\/02\/21\/fondazione-homo-novus-scopri-il-calendario-degli-eventi-approfondisci-i-progetti-in-corso-e-scegli-di-partecipare-attivamente-alla-costruzione-di-un-nuovo-paradigma-culturale\/46\/","url":"https:\/\/alfassa.org\/index.php\/2026\/02\/21\/fondazione-homo-novus-scopri-il-calendario-degli-eventi-approfondisci-i-progetti-in-corso-e-scegli-di-partecipare-attivamente-alla-costruzione-di-un-nuovo-paradigma-culturale\/46\/","name":"Scopri il calendario degli eventi, iscriviti ai corsi e scegli di partecipare attivamente alla costruzione di un futuro migliore. - Alfassa","isPartOf":{"@id":"https:\/\/alfassa.org\/#website"},"primaryImageOfPage":{"@id":"https:\/\/alfassa.org\/index.php\/2026\/02\/21\/fondazione-homo-novus-scopri-il-calendario-degli-eventi-approfondisci-i-progetti-in-corso-e-scegli-di-partecipare-attivamente-alla-costruzione-di-un-nuovo-paradigma-culturale\/46\/#primaryimage"},"image":{"@id":"https:\/\/alfassa.org\/index.php\/2026\/02\/21\/fondazione-homo-novus-scopri-il-calendario-degli-eventi-approfondisci-i-progetti-in-corso-e-scegli-di-partecipare-attivamente-alla-costruzione-di-un-nuovo-paradigma-culturale\/46\/#primaryimage"},"thumbnailUrl":"https:\/\/alfassa.org\/wp-content\/uploads\/2026\/02\/Corsi-di-formazione-jpg.png","datePublished":"2026-02-21T21:13:46+00:00","dateModified":"2026-02-21T21:56:37+00:00","breadcrumb":{"@id":"https:\/\/alfassa.org\/index.php\/2026\/02\/21\/fondazione-homo-novus-scopri-il-calendario-degli-eventi-approfondisci-i-progetti-in-corso-e-scegli-di-partecipare-attivamente-alla-costruzione-di-un-nuovo-paradigma-culturale\/46\/#breadcrumb"},"inLanguage":"en-US","potentialAction":[{"@type":"ReadAction","target":["https:\/\/alfassa.org\/index.php\/2026\/02\/21\/fondazione-homo-novus-scopri-il-calendario-degli-eventi-approfondisci-i-progetti-in-corso-e-scegli-di-partecipare-attivamente-alla-costruzione-di-un-nuovo-paradigma-culturale\/46\/"]}]},{"@type":"ImageObject","inLanguage":"en-US","@id":"https:\/\/alfassa.org\/index.php\/2026\/02\/21\/fondazione-homo-novus-scopri-il-calendario-degli-eventi-approfondisci-i-progetti-in-corso-e-scegli-di-partecipare-attivamente-alla-costruzione-di-un-nuovo-paradigma-culturale\/46\/#primaryimage","url":"https:\/\/alfassa.org\/wp-content\/uploads\/2026\/02\/Corsi-di-formazione-jpg.png","contentUrl":"https:\/\/alfassa.org\/wp-content\/uploads\/2026\/02\/Corsi-di-formazione-jpg.png","width":3300,"height":2475},{"@type":"BreadcrumbList","@id":"https:\/\/alfassa.org\/index.php\/2026\/02\/21\/fondazione-homo-novus-scopri-il-calendario-degli-eventi-approfondisci-i-progetti-in-corso-e-scegli-di-partecipare-attivamente-alla-costruzione-di-un-nuovo-paradigma-culturale\/46\/#breadcrumb","itemListElement":[{"@type":"ListItem","position":1,"name":"Home","item":"https:\/\/alfassa.org\/"},{"@type":"ListItem","position":2,"name":"Scopri il calendario degli eventi, iscriviti ai corsi e scegli di partecipare attivamente alla costruzione di un futuro migliore."}]},{"@type":"WebSite","@id":"https:\/\/alfassa.org\/#website","url":"https:\/\/alfassa.org\/","name":"www.alfassa.org","description":"Creating a better future together","publisher":{"@id":"https:\/\/alfassa.org\/#organization"},"potentialAction":[{"@type":"SearchAction","target":{"@type":"EntryPoint","urlTemplate":"https:\/\/alfassa.org\/?s={search_term_string}"},"query-input":"required name=search_term_string"}],"inLanguage":"en-US"},{"@type":"Organization","@id":"https:\/\/alfassa.org\/#organization","name":"Alfassa","url":"https:\/\/alfassa.org\/","logo":{"@type":"ImageObject","inLanguage":"en-US","@id":"https:\/\/alfassa.org\/#\/schema\/logo\/image\/","url":"https:\/\/alfassa.org\/wp-content\/uploads\/2020\/01\/Rosa-Alfassa-2024-1024x1010.png","contentUrl":"https:\/\/alfassa.org\/wp-content\/uploads\/2020\/01\/Rosa-Alfassa-2024-1024x1010.png","width":1024,"height":1010,"caption":"Alfassa"},"image":{"@id":"https:\/\/alfassa.org\/#\/schema\/logo\/image\/"},"sameAs":["https:\/\/www.facebook.com\/alfassa.net","https:\/\/www.linkedin.com\/company\/alfassa"]},{"@type":"Person","@id":"https:\/\/alfassa.org\/#\/schema\/person\/01f90abcf5568ccccf3b627203052163","name":"alfassa","image":{"@type":"ImageObject","inLanguage":"en-US","@id":"https:\/\/alfassa.org\/#\/schema\/person\/image\/","url":"https:\/\/secure.gravatar.com\/avatar\/e370bb3763c6ea520c98266cd7bc39ec?s=96&d=mm&r=g","contentUrl":"https:\/\/secure.gravatar.com\/avatar\/e370bb3763c6ea520c98266cd7bc39ec?s=96&d=mm&r=g","caption":"alfassa"},"sameAs":["http:\/\/media.alfageneration.org"],"url":"https:\/\/alfassa.org\/index.php\/author\/alfassa\/"}]}},"_links":{"self":[{"href":"https:\/\/alfassa.org\/index.php\/wp-json\/wp\/v2\/posts\/1000006069","targetHints":{"allow":["GET"]}}],"collection":[{"href":"https:\/\/alfassa.org\/index.php\/wp-json\/wp\/v2\/posts"}],"about":[{"href":"https:\/\/alfassa.org\/index.php\/wp-json\/wp\/v2\/types\/post"}],"author":[{"embeddable":true,"href":"https:\/\/alfassa.org\/index.php\/wp-json\/wp\/v2\/users\/1"}],"replies":[{"embeddable":true,"href":"https:\/\/alfassa.org\/index.php\/wp-json\/wp\/v2\/comments?post=1000006069"}],"version-history":[{"count":6,"href":"https:\/\/alfassa.org\/index.php\/wp-json\/wp\/v2\/posts\/1000006069\/revisions"}],"predecessor-version":[{"id":1000006093,"href":"https:\/\/alfassa.org\/index.php\/wp-json\/wp\/v2\/posts\/1000006069\/revisions\/1000006093"}],"wp:featuredmedia":[{"embeddable":true,"href":"https:\/\/alfassa.org\/index.php\/wp-json\/wp\/v2\/media\/1000006085"}],"wp:attachment":[{"href":"https:\/\/alfassa.org\/index.php\/wp-json\/wp\/v2\/media?parent=1000006069"}],"wp:term":[{"taxonomy":"category","embeddable":true,"href":"https:\/\/alfassa.org\/index.php\/wp-json\/wp\/v2\/categories?post=1000006069"},{"taxonomy":"post_tag","embeddable":true,"href":"https:\/\/alfassa.org\/index.php\/wp-json\/wp\/v2\/tags?post=1000006069"}],"curies":[{"name":"wp","href":"https:\/\/api.w.org\/{rel}","templated":true}]}}