{"id":1000004218,"date":"2024-07-05T22:11:27","date_gmt":"2024-07-05T22:11:27","guid":{"rendered":"https:\/\/alfassa.org\/?p=1000004218"},"modified":"2024-07-05T22:12:43","modified_gmt":"2024-07-05T22:12:43","slug":"il-telefono-del-vento-per-portare-i-tuoi-pensieri-verso-il-cielo","status":"publish","type":"post","link":"https:\/\/alfassa.org\/index.php\/2024\/07\/05\/il-telefono-del-vento-per-portare-i-tuoi-pensieri-verso-il-cielo\/27\/","title":{"rendered":"Il telefono del vento, per portare i tuoi pensieri verso il cielo"},"content":{"rendered":"\t\t<div data-elementor-type=\"wp-post\" data-elementor-id=\"1000004218\" class=\"elementor elementor-1000004218\" data-elementor-post-type=\"post\">\n\t\t\t\t<div class=\"elementor-element elementor-element-78a06c6 e-flex e-con-boxed e-con e-parent\" data-id=\"78a06c6\" data-element_type=\"container\">\n\t\t\t\t\t<div class=\"e-con-inner\">\n\t\t\t\t<div class=\"elementor-element elementor-element-392f21f elementor-widget elementor-widget-text-editor\" data-id=\"392f21f\" data-element_type=\"widget\" data-widget_type=\"text-editor.default\">\n\t\t\t\t<div class=\"elementor-widget-container\">\n\t\t\t\t\t\t\t\t\t<p>Il telefono del vento, per portare i tuoi pensieri verso il cielo.&#8221; \ud83c\udf2c\ufe0f\ud83d\udc95\ud83c\udf3f<\/p><p>Cari amanti dell&#8217;arte e della spiritualit\u00e0, siamo entusiasti di invitarvi a un&#8217;emozionante presentazione che si terr\u00e0 a <strong>Spoleto il 7 Luglio presso Palazzo due Mondi in corso Mazzini 46 alle ore 17:00<\/strong> per presentare il progetto dell\u2019opera \u201cil telefono del vento\u201d.<\/p><p>&#8220;Il Telefono del Vento&#8221; \u00e8 un&#8217;installazione artistica che unisce passato e presente, realt\u00e0 e spiritualit\u00e0. Consiste in una cabina telefonica non funzionante che diventa il luogo ideale per conversare con i nostri cari defunti, mantenendo vivo il legame e il ricordo di chi non \u00e8 pi\u00f9 fisicamente accanto a noi.<\/p><p>Vi invitiamo a partecipare a questa straordinaria esperienza per creare un legame oltre i confini della vita.<\/p>\t\t\t\t\t\t\t\t<\/div>\n\t\t\t\t<\/div>\n\t\t\t\t\t<\/div>\n\t\t\t\t<\/div>\n\t\t\t\t<\/div>\n\t\t","protected":false},"excerpt":{"rendered":"<p>Il telefono del vento, per portare i tuoi pensieri verso il cielo.&#8221; \ud83c\udf2c\ufe0f\ud83d\udc95\ud83c\udf3f Cari amanti dell&#8217;arte e della spiritualit\u00e0, siamo entusiasti di invitarvi a un&#8217;emozionante presentazione che si terr\u00e0 a Spoleto il 7 Luglio presso Palazzo due Mondi in corso Mazzini 46 alle ore 17:00 per presentare il progetto dell\u2019opera \u201cil telefono del vento\u201d. &#8220;Il [&hellip;]<\/p>\n","protected":false},"author":1,"featured_media":1000004219,"comment_status":"open","ping_status":"open","sticky":false,"template":"","format":"standard","meta":{"om_disable_all_campaigns":false,"inline_featured_image":false,"footnotes":""},"categories":[41],"tags":[142],"class_list":["post-1000004218","post","type-post","status-publish","format-standard","has-post-thumbnail","hentry","category-attivita","tag-fondazione-amen"],"yoast_head":"<!-- This site is optimized with the Yoast SEO Premium plugin v23.3 (Yoast SEO v23.3) - https:\/\/yoast.com\/wordpress\/plugins\/seo\/ -->\n<title>Il telefono del vento, per portare i tuoi pensieri verso il cielo - Alfassa<\/title>\n<meta name=\"robots\" content=\"index, follow, max-snippet:-1, max-image-preview:large, max-video-preview:-1\" \/>\n<link rel=\"canonical\" href=\"https:\/\/alfassa.org\/index.php\/2024\/07\/05\/il-telefono-del-vento-per-portare-i-tuoi-pensieri-verso-il-cielo\/27\/\" \/>\n<meta property=\"og:locale\" content=\"en_US\" \/>\n<meta property=\"og:type\" content=\"article\" \/>\n<meta property=\"og:title\" content=\"Il telefono del vento, per portare i tuoi pensieri verso il cielo\" \/>\n<meta property=\"og:description\" content=\"Il telefono del vento, per portare i tuoi pensieri verso il cielo.&#8221; \ud83c\udf2c\ufe0f\ud83d\udc95\ud83c\udf3f Cari amanti dell&#8217;arte e della spiritualit\u00e0, siamo entusiasti di invitarvi a un&#8217;emozionante presentazione che si terr\u00e0 a Spoleto il 7 Luglio presso Palazzo due Mondi in corso Mazzini 46 alle ore 17:00 per presentare il progetto dell\u2019opera \u201cil telefono del vento\u201d. &#8220;Il [&hellip;]\" \/>\n<meta property=\"og:url\" content=\"https:\/\/alfassa.org\/index.php\/2024\/07\/05\/il-telefono-del-vento-per-portare-i-tuoi-pensieri-verso-il-cielo\/27\/\" \/>\n<meta property=\"og:site_name\" content=\"Alfassa\" \/>\n<meta property=\"article:publisher\" content=\"https:\/\/www.facebook.com\/alfassa.net\" \/>\n<meta property=\"article:published_time\" content=\"2024-07-05T22:11:27+00:00\" \/>\n<meta property=\"article:modified_time\" content=\"2024-07-05T22:12:43+00:00\" \/>\n<meta property=\"og:image\" content=\"https:\/\/alfassa.org\/wp-content\/uploads\/2024\/07\/Telefono-del-vento-scaled.jpg\" \/>\n\t<meta property=\"og:image:width\" content=\"2560\" \/>\n\t<meta property=\"og:image:height\" content=\"1920\" \/>\n\t<meta property=\"og:image:type\" content=\"image\/jpeg\" \/>\n<meta name=\"author\" content=\"alfassa\" \/>\n<meta name=\"twitter:card\" content=\"summary_large_image\" \/>\n<meta name=\"twitter:label1\" content=\"Written by\" \/>\n\t<meta name=\"twitter:data1\" content=\"alfassa\" \/>\n\t<meta name=\"twitter:label2\" content=\"Est. reading time\" \/>\n\t<meta name=\"twitter:data2\" content=\"1 minute\" \/>\n<script type=\"application\/ld+json\" class=\"yoast-schema-graph\">{\"@context\":\"https:\/\/schema.org\",\"@graph\":[{\"@type\":\"Article\",\"@id\":\"https:\/\/alfassa.org\/index.php\/2024\/07\/05\/il-telefono-del-vento-per-portare-i-tuoi-pensieri-verso-il-cielo\/27\/#article\",\"isPartOf\":{\"@id\":\"https:\/\/alfassa.org\/index.php\/2024\/07\/05\/il-telefono-del-vento-per-portare-i-tuoi-pensieri-verso-il-cielo\/27\/\"},\"author\":{\"name\":\"alfassa\",\"@id\":\"https:\/\/alfassa.org\/#\/schema\/person\/01f90abcf5568ccccf3b627203052163\"},\"headline\":\"Il telefono del vento, per portare i tuoi pensieri verso il cielo\",\"datePublished\":\"2024-07-05T22:11:27+00:00\",\"dateModified\":\"2024-07-05T22:12:43+00:00\",\"mainEntityOfPage\":{\"@id\":\"https:\/\/alfassa.org\/index.php\/2024\/07\/05\/il-telefono-del-vento-per-portare-i-tuoi-pensieri-verso-il-cielo\/27\/\"},\"wordCount\":131,\"commentCount\":0,\"publisher\":{\"@id\":\"https:\/\/alfassa.org\/#organization\"},\"image\":{\"@id\":\"https:\/\/alfassa.org\/index.php\/2024\/07\/05\/il-telefono-del-vento-per-portare-i-tuoi-pensieri-verso-il-cielo\/27\/#primaryimage\"},\"thumbnailUrl\":\"https:\/\/alfassa.org\/wp-content\/uploads\/2024\/07\/Telefono-del-vento-scaled.jpg\",\"keywords\":[\"Fondazione Amen\"],\"articleSection\":[\"Attivit\u00e0\"],\"inLanguage\":\"en-US\",\"potentialAction\":[{\"@type\":\"CommentAction\",\"name\":\"Comment\",\"target\":[\"https:\/\/alfassa.org\/index.php\/2024\/07\/05\/il-telefono-del-vento-per-portare-i-tuoi-pensieri-verso-il-cielo\/27\/#respond\"]}]},{\"@type\":\"WebPage\",\"@id\":\"https:\/\/alfassa.org\/index.php\/2024\/07\/05\/il-telefono-del-vento-per-portare-i-tuoi-pensieri-verso-il-cielo\/27\/\",\"url\":\"https:\/\/alfassa.org\/index.php\/2024\/07\/05\/il-telefono-del-vento-per-portare-i-tuoi-pensieri-verso-il-cielo\/27\/\",\"name\":\"Il telefono del vento, per portare i tuoi pensieri verso il cielo - Alfassa\",\"isPartOf\":{\"@id\":\"https:\/\/alfassa.org\/#website\"},\"primaryImageOfPage\":{\"@id\":\"https:\/\/alfassa.org\/index.php\/2024\/07\/05\/il-telefono-del-vento-per-portare-i-tuoi-pensieri-verso-il-cielo\/27\/#primaryimage\"},\"image\":{\"@id\":\"https:\/\/alfassa.org\/index.php\/2024\/07\/05\/il-telefono-del-vento-per-portare-i-tuoi-pensieri-verso-il-cielo\/27\/#primaryimage\"},\"thumbnailUrl\":\"https:\/\/alfassa.org\/wp-content\/uploads\/2024\/07\/Telefono-del-vento-scaled.jpg\",\"datePublished\":\"2024-07-05T22:11:27+00:00\",\"dateModified\":\"2024-07-05T22:12:43+00:00\",\"breadcrumb\":{\"@id\":\"https:\/\/alfassa.org\/index.php\/2024\/07\/05\/il-telefono-del-vento-per-portare-i-tuoi-pensieri-verso-il-cielo\/27\/#breadcrumb\"},\"inLanguage\":\"en-US\",\"potentialAction\":[{\"@type\":\"ReadAction\",\"target\":[\"https:\/\/alfassa.org\/index.php\/2024\/07\/05\/il-telefono-del-vento-per-portare-i-tuoi-pensieri-verso-il-cielo\/27\/\"]}]},{\"@type\":\"ImageObject\",\"inLanguage\":\"en-US\",\"@id\":\"https:\/\/alfassa.org\/index.php\/2024\/07\/05\/il-telefono-del-vento-per-portare-i-tuoi-pensieri-verso-il-cielo\/27\/#primaryimage\",\"url\":\"https:\/\/alfassa.org\/wp-content\/uploads\/2024\/07\/Telefono-del-vento-scaled.jpg\",\"contentUrl\":\"https:\/\/alfassa.org\/wp-content\/uploads\/2024\/07\/Telefono-del-vento-scaled.jpg\",\"width\":2560,\"height\":1920},{\"@type\":\"BreadcrumbList\",\"@id\":\"https:\/\/alfassa.org\/index.php\/2024\/07\/05\/il-telefono-del-vento-per-portare-i-tuoi-pensieri-verso-il-cielo\/27\/#breadcrumb\",\"itemListElement\":[{\"@type\":\"ListItem\",\"position\":1,\"name\":\"Home\",\"item\":\"https:\/\/alfassa.org\/\"},{\"@type\":\"ListItem\",\"position\":2,\"name\":\"Il telefono del vento, per portare i tuoi pensieri verso il cielo\"}]},{\"@type\":\"WebSite\",\"@id\":\"https:\/\/alfassa.org\/#website\",\"url\":\"https:\/\/alfassa.org\/\",\"name\":\"www.alfassa.org\",\"description\":\"Creating a better future together\",\"publisher\":{\"@id\":\"https:\/\/alfassa.org\/#organization\"},\"potentialAction\":[{\"@type\":\"SearchAction\",\"target\":{\"@type\":\"EntryPoint\",\"urlTemplate\":\"https:\/\/alfassa.org\/?s={search_term_string}\"},\"query-input\":\"required name=search_term_string\"}],\"inLanguage\":\"en-US\"},{\"@type\":\"Organization\",\"@id\":\"https:\/\/alfassa.org\/#organization\",\"name\":\"Alfassa\",\"url\":\"https:\/\/alfassa.org\/\",\"logo\":{\"@type\":\"ImageObject\",\"inLanguage\":\"en-US\",\"@id\":\"https:\/\/alfassa.org\/#\/schema\/logo\/image\/\",\"url\":\"https:\/\/alfassa.org\/wp-content\/uploads\/2020\/01\/Rosa-Alfassa-2024-1024x1010.png\",\"contentUrl\":\"https:\/\/alfassa.org\/wp-content\/uploads\/2020\/01\/Rosa-Alfassa-2024-1024x1010.png\",\"width\":1024,\"height\":1010,\"caption\":\"Alfassa\"},\"image\":{\"@id\":\"https:\/\/alfassa.org\/#\/schema\/logo\/image\/\"},\"sameAs\":[\"https:\/\/www.facebook.com\/alfassa.net\",\"https:\/\/www.linkedin.com\/company\/alfassa\"]},{\"@type\":\"Person\",\"@id\":\"https:\/\/alfassa.org\/#\/schema\/person\/01f90abcf5568ccccf3b627203052163\",\"name\":\"alfassa\",\"image\":{\"@type\":\"ImageObject\",\"inLanguage\":\"en-US\",\"@id\":\"https:\/\/alfassa.org\/#\/schema\/person\/image\/\",\"url\":\"https:\/\/secure.gravatar.com\/avatar\/e370bb3763c6ea520c98266cd7bc39ec?s=96&d=mm&r=g\",\"contentUrl\":\"https:\/\/secure.gravatar.com\/avatar\/e370bb3763c6ea520c98266cd7bc39ec?s=96&d=mm&r=g\",\"caption\":\"alfassa\"},\"sameAs\":[\"http:\/\/media.alfageneration.org\"],\"url\":\"https:\/\/alfassa.org\/index.php\/author\/alfassa\/\"}]}<\/script>\n<!-- \/ Yoast SEO Premium plugin. -->","yoast_head_json":{"title":"Il telefono del vento, per portare i tuoi pensieri verso il cielo - Alfassa","robots":{"index":"index","follow":"follow","max-snippet":"max-snippet:-1","max-image-preview":"max-image-preview:large","max-video-preview":"max-video-preview:-1"},"canonical":"https:\/\/alfassa.org\/index.php\/2024\/07\/05\/il-telefono-del-vento-per-portare-i-tuoi-pensieri-verso-il-cielo\/27\/","og_locale":"en_US","og_type":"article","og_title":"Il telefono del vento, per portare i tuoi pensieri verso il cielo","og_description":"Il telefono del vento, per portare i tuoi pensieri verso il cielo.&#8221; \ud83c\udf2c\ufe0f\ud83d\udc95\ud83c\udf3f Cari amanti dell&#8217;arte e della spiritualit\u00e0, siamo entusiasti di invitarvi a un&#8217;emozionante presentazione che si terr\u00e0 a Spoleto il 7 Luglio presso Palazzo due Mondi in corso Mazzini 46 alle ore 17:00 per presentare il progetto dell\u2019opera \u201cil telefono del vento\u201d. &#8220;Il [&hellip;]","og_url":"https:\/\/alfassa.org\/index.php\/2024\/07\/05\/il-telefono-del-vento-per-portare-i-tuoi-pensieri-verso-il-cielo\/27\/","og_site_name":"Alfassa","article_publisher":"https:\/\/www.facebook.com\/alfassa.net","article_published_time":"2024-07-05T22:11:27+00:00","article_modified_time":"2024-07-05T22:12:43+00:00","og_image":[{"width":2560,"height":1920,"url":"https:\/\/alfassa.org\/wp-content\/uploads\/2024\/07\/Telefono-del-vento-scaled.jpg","type":"image\/jpeg"}],"author":"alfassa","twitter_card":"summary_large_image","twitter_misc":{"Written by":"alfassa","Est. reading time":"1 minute"},"schema":{"@context":"https:\/\/schema.org","@graph":[{"@type":"Article","@id":"https:\/\/alfassa.org\/index.php\/2024\/07\/05\/il-telefono-del-vento-per-portare-i-tuoi-pensieri-verso-il-cielo\/27\/#article","isPartOf":{"@id":"https:\/\/alfassa.org\/index.php\/2024\/07\/05\/il-telefono-del-vento-per-portare-i-tuoi-pensieri-verso-il-cielo\/27\/"},"author":{"name":"alfassa","@id":"https:\/\/alfassa.org\/#\/schema\/person\/01f90abcf5568ccccf3b627203052163"},"headline":"Il telefono del vento, per portare i tuoi pensieri verso il cielo","datePublished":"2024-07-05T22:11:27+00:00","dateModified":"2024-07-05T22:12:43+00:00","mainEntityOfPage":{"@id":"https:\/\/alfassa.org\/index.php\/2024\/07\/05\/il-telefono-del-vento-per-portare-i-tuoi-pensieri-verso-il-cielo\/27\/"},"wordCount":131,"commentCount":0,"publisher":{"@id":"https:\/\/alfassa.org\/#organization"},"image":{"@id":"https:\/\/alfassa.org\/index.php\/2024\/07\/05\/il-telefono-del-vento-per-portare-i-tuoi-pensieri-verso-il-cielo\/27\/#primaryimage"},"thumbnailUrl":"https:\/\/alfassa.org\/wp-content\/uploads\/2024\/07\/Telefono-del-vento-scaled.jpg","keywords":["Fondazione Amen"],"articleSection":["Attivit\u00e0"],"inLanguage":"en-US","potentialAction":[{"@type":"CommentAction","name":"Comment","target":["https:\/\/alfassa.org\/index.php\/2024\/07\/05\/il-telefono-del-vento-per-portare-i-tuoi-pensieri-verso-il-cielo\/27\/#respond"]}]},{"@type":"WebPage","@id":"https:\/\/alfassa.org\/index.php\/2024\/07\/05\/il-telefono-del-vento-per-portare-i-tuoi-pensieri-verso-il-cielo\/27\/","url":"https:\/\/alfassa.org\/index.php\/2024\/07\/05\/il-telefono-del-vento-per-portare-i-tuoi-pensieri-verso-il-cielo\/27\/","name":"Il telefono del vento, per portare i tuoi pensieri verso il cielo - Alfassa","isPartOf":{"@id":"https:\/\/alfassa.org\/#website"},"primaryImageOfPage":{"@id":"https:\/\/alfassa.org\/index.php\/2024\/07\/05\/il-telefono-del-vento-per-portare-i-tuoi-pensieri-verso-il-cielo\/27\/#primaryimage"},"image":{"@id":"https:\/\/alfassa.org\/index.php\/2024\/07\/05\/il-telefono-del-vento-per-portare-i-tuoi-pensieri-verso-il-cielo\/27\/#primaryimage"},"thumbnailUrl":"https:\/\/alfassa.org\/wp-content\/uploads\/2024\/07\/Telefono-del-vento-scaled.jpg","datePublished":"2024-07-05T22:11:27+00:00","dateModified":"2024-07-05T22:12:43+00:00","breadcrumb":{"@id":"https:\/\/alfassa.org\/index.php\/2024\/07\/05\/il-telefono-del-vento-per-portare-i-tuoi-pensieri-verso-il-cielo\/27\/#breadcrumb"},"inLanguage":"en-US","potentialAction":[{"@type":"ReadAction","target":["https:\/\/alfassa.org\/index.php\/2024\/07\/05\/il-telefono-del-vento-per-portare-i-tuoi-pensieri-verso-il-cielo\/27\/"]}]},{"@type":"ImageObject","inLanguage":"en-US","@id":"https:\/\/alfassa.org\/index.php\/2024\/07\/05\/il-telefono-del-vento-per-portare-i-tuoi-pensieri-verso-il-cielo\/27\/#primaryimage","url":"https:\/\/alfassa.org\/wp-content\/uploads\/2024\/07\/Telefono-del-vento-scaled.jpg","contentUrl":"https:\/\/alfassa.org\/wp-content\/uploads\/2024\/07\/Telefono-del-vento-scaled.jpg","width":2560,"height":1920},{"@type":"BreadcrumbList","@id":"https:\/\/alfassa.org\/index.php\/2024\/07\/05\/il-telefono-del-vento-per-portare-i-tuoi-pensieri-verso-il-cielo\/27\/#breadcrumb","itemListElement":[{"@type":"ListItem","position":1,"name":"Home","item":"https:\/\/alfassa.org\/"},{"@type":"ListItem","position":2,"name":"Il telefono del vento, per portare i tuoi pensieri verso il cielo"}]},{"@type":"WebSite","@id":"https:\/\/alfassa.org\/#website","url":"https:\/\/alfassa.org\/","name":"www.alfassa.org","description":"Creating a better future together","publisher":{"@id":"https:\/\/alfassa.org\/#organization"},"potentialAction":[{"@type":"SearchAction","target":{"@type":"EntryPoint","urlTemplate":"https:\/\/alfassa.org\/?s={search_term_string}"},"query-input":"required name=search_term_string"}],"inLanguage":"en-US"},{"@type":"Organization","@id":"https:\/\/alfassa.org\/#organization","name":"Alfassa","url":"https:\/\/alfassa.org\/","logo":{"@type":"ImageObject","inLanguage":"en-US","@id":"https:\/\/alfassa.org\/#\/schema\/logo\/image\/","url":"https:\/\/alfassa.org\/wp-content\/uploads\/2020\/01\/Rosa-Alfassa-2024-1024x1010.png","contentUrl":"https:\/\/alfassa.org\/wp-content\/uploads\/2020\/01\/Rosa-Alfassa-2024-1024x1010.png","width":1024,"height":1010,"caption":"Alfassa"},"image":{"@id":"https:\/\/alfassa.org\/#\/schema\/logo\/image\/"},"sameAs":["https:\/\/www.facebook.com\/alfassa.net","https:\/\/www.linkedin.com\/company\/alfassa"]},{"@type":"Person","@id":"https:\/\/alfassa.org\/#\/schema\/person\/01f90abcf5568ccccf3b627203052163","name":"alfassa","image":{"@type":"ImageObject","inLanguage":"en-US","@id":"https:\/\/alfassa.org\/#\/schema\/person\/image\/","url":"https:\/\/secure.gravatar.com\/avatar\/e370bb3763c6ea520c98266cd7bc39ec?s=96&d=mm&r=g","contentUrl":"https:\/\/secure.gravatar.com\/avatar\/e370bb3763c6ea520c98266cd7bc39ec?s=96&d=mm&r=g","caption":"alfassa"},"sameAs":["http:\/\/media.alfageneration.org"],"url":"https:\/\/alfassa.org\/index.php\/author\/alfassa\/"}]}},"_links":{"self":[{"href":"https:\/\/alfassa.org\/index.php\/wp-json\/wp\/v2\/posts\/1000004218","targetHints":{"allow":["GET"]}}],"collection":[{"href":"https:\/\/alfassa.org\/index.php\/wp-json\/wp\/v2\/posts"}],"about":[{"href":"https:\/\/alfassa.org\/index.php\/wp-json\/wp\/v2\/types\/post"}],"author":[{"embeddable":true,"href":"https:\/\/alfassa.org\/index.php\/wp-json\/wp\/v2\/users\/1"}],"replies":[{"embeddable":true,"href":"https:\/\/alfassa.org\/index.php\/wp-json\/wp\/v2\/comments?post=1000004218"}],"version-history":[{"count":7,"href":"https:\/\/alfassa.org\/index.php\/wp-json\/wp\/v2\/posts\/1000004218\/revisions"}],"predecessor-version":[{"id":1000004226,"href":"https:\/\/alfassa.org\/index.php\/wp-json\/wp\/v2\/posts\/1000004218\/revisions\/1000004226"}],"wp:featuredmedia":[{"embeddable":true,"href":"https:\/\/alfassa.org\/index.php\/wp-json\/wp\/v2\/media\/1000004219"}],"wp:attachment":[{"href":"https:\/\/alfassa.org\/index.php\/wp-json\/wp\/v2\/media?parent=1000004218"}],"wp:term":[{"taxonomy":"category","embeddable":true,"href":"https:\/\/alfassa.org\/index.php\/wp-json\/wp\/v2\/categories?post=1000004218"},{"taxonomy":"post_tag","embeddable":true,"href":"https:\/\/alfassa.org\/index.php\/wp-json\/wp\/v2\/tags?post=1000004218"}],"curies":[{"name":"wp","href":"https:\/\/api.w.org\/{rel}","templated":true}]}}