{"id":1000003939,"date":"2024-04-26T17:04:01","date_gmt":"2024-04-26T17:04:01","guid":{"rendered":"https:\/\/alfassa.org\/?p=1000003939"},"modified":"2024-04-27T09:10:23","modified_gmt":"2024-04-27T09:10:23","slug":"10-11-12-maggio-interdisciplinary-manager-sessione-in-presenza","status":"publish","type":"post","link":"https:\/\/alfassa.org\/index.php\/2024\/04\/26\/10-11-12-maggio-interdisciplinary-manager-sessione-in-presenza\/01\/","title":{"rendered":"10-11-12 maggio: INTERDISCIPLINARY MANAGER Sessione in presenza"},"content":{"rendered":"\t\t<div data-elementor-type=\"wp-post\" data-elementor-id=\"1000003939\" class=\"elementor elementor-1000003939\" data-elementor-post-type=\"post\">\n\t\t\t\t<div class=\"elementor-element elementor-element-dfd557d e-flex e-con-boxed e-con e-parent\" data-id=\"dfd557d\" data-element_type=\"container\">\n\t\t\t\t\t<div class=\"e-con-inner\">\n\t\t\t\t<div class=\"elementor-element elementor-element-4bf99a2 elementor-widget elementor-widget-text-editor\" data-id=\"4bf99a2\" data-element_type=\"widget\" data-widget_type=\"text-editor.default\">\n\t\t\t\t<div class=\"elementor-widget-container\">\n\t\t\t\t\t\t\t\t\t<p>L\u2019<em>Interdisciplinary Manager<\/em>\u00a0\u00e8 una nuova figura professionale in grado di ampliare le proprie competenze attraverso una visione olistica e interdisciplinare, per comprendere e analizzare problemi complessi avendo acquisito una profonda consapevolezza del futuro in relazione all\u2019evoluzione che determiner\u00e0 il progresso tecnologico.<\/p><p>Questa nuova figura professionale anticipa le sfide e le opportunit\u00e0 che il progresso tecnologico apporter\u00e0 alla societ\u00e0 e alle organizzazioni, sviluppando strategie innovative e sostenibili per guidare il cambiamento. Con una mentalit\u00e0 aperta e orientata al futuro, \u00e8 in grado di adattarsi rapidamente alle nuove dinamiche e di ispirare gli altri ad abbracciare la trasformazione digitale in modo consapevole e responsabile.<\/p><p>Grazie alla sua visione olistica e alla capacit\u00e0 di integrare conoscenze multidisciplinari, questo professionista \u00e8 in grado di navigare con successo nel panorama complesso e in continua evoluzione dei sistemi, contribuendo al benessere e alla crescita sul piano individuale e sociale.<\/p><h4>Il nostro obiettivo \u00e8 quello di fornirvi gli strumenti e le capacit\u00e0 per gestire il cambiamento e questo grande processo di trasformazione digitale, attraverso un approccio interdisciplinare che unisce alle\u00a0<b>competenze scientifiche\u00a0<\/b>le\u00a0<b>competenze umanistiche<\/b>.<\/h4>\t\t\t\t\t\t\t\t<\/div>\n\t\t\t\t<\/div>\n\t\t\t\t\t<\/div>\n\t\t\t\t<\/div>\n\t\t<div class=\"elementor-element elementor-element-8ae04c8 e-flex e-con-boxed e-con e-parent\" data-id=\"8ae04c8\" data-element_type=\"container\">\n\t\t\t\t\t<div class=\"e-con-inner\">\n\t\t<div class=\"elementor-element elementor-element-35786fe e-con-full e-flex e-con e-child\" data-id=\"35786fe\" data-element_type=\"container\">\n\t\t\t\t<div class=\"elementor-element elementor-element-4f3a898 elementor-widget elementor-widget-image\" data-id=\"4f3a898\" data-element_type=\"widget\" data-widget_type=\"image.default\">\n\t\t\t\t<div class=\"elementor-widget-container\">\n\t\t\t\t\t\t\t\t\t\t\t\t\t\t\t<img fetchpriority=\"high\" decoding=\"async\" width=\"640\" height=\"332\" src=\"https:\/\/alfassa.org\/wp-content\/uploads\/2024\/04\/IM-CS-1024x531.png\" class=\"attachment-large size-large wp-image-1000003914\" alt=\"\" srcset=\"https:\/\/alfassa.org\/wp-content\/uploads\/2024\/04\/IM-CS-1024x531.png 1024w, https:\/\/alfassa.org\/wp-content\/uploads\/2024\/04\/IM-CS-300x156.png 300w, https:\/\/alfassa.org\/wp-content\/uploads\/2024\/04\/IM-CS-768x399.png 768w, https:\/\/alfassa.org\/wp-content\/uploads\/2024\/04\/IM-CS-1536x797.png 1536w, https:\/\/alfassa.org\/wp-content\/uploads\/2024\/04\/IM-CS-2048x1063.png 2048w, https:\/\/alfassa.org\/wp-content\/uploads\/2024\/04\/IM-CS-1320x685.png 1320w, https:\/\/alfassa.org\/wp-content\/uploads\/2024\/04\/IM-CS-600x311.png 600w\" sizes=\"(max-width: 640px) 100vw, 640px\" \/>\t\t\t\t\t\t\t\t\t\t\t\t\t\t\t<\/div>\n\t\t\t\t<\/div>\n\t\t\t\t<\/div>\n\t\t<div class=\"elementor-element elementor-element-0c138d6 e-con-full e-flex e-con e-child\" data-id=\"0c138d6\" data-element_type=\"container\">\n\t\t\t\t<div class=\"elementor-element elementor-element-5a9c81f elementor-widget elementor-widget-image\" data-id=\"5a9c81f\" data-element_type=\"widget\" data-widget_type=\"image.default\">\n\t\t\t\t<div class=\"elementor-widget-container\">\n\t\t\t\t\t\t\t\t\t\t\t\t\t\t\t<img decoding=\"async\" width=\"640\" height=\"332\" src=\"https:\/\/alfassa.org\/wp-content\/uploads\/2024\/04\/IM-CU-1024x531.png\" class=\"attachment-large size-large wp-image-1000003915\" alt=\"\" srcset=\"https:\/\/alfassa.org\/wp-content\/uploads\/2024\/04\/IM-CU-1024x531.png 1024w, https:\/\/alfassa.org\/wp-content\/uploads\/2024\/04\/IM-CU-300x156.png 300w, https:\/\/alfassa.org\/wp-content\/uploads\/2024\/04\/IM-CU-768x399.png 768w, https:\/\/alfassa.org\/wp-content\/uploads\/2024\/04\/IM-CU-1536x797.png 1536w, https:\/\/alfassa.org\/wp-content\/uploads\/2024\/04\/IM-CU-2048x1063.png 2048w, https:\/\/alfassa.org\/wp-content\/uploads\/2024\/04\/IM-CU-1320x685.png 1320w, https:\/\/alfassa.org\/wp-content\/uploads\/2024\/04\/IM-CU-600x311.png 600w\" sizes=\"(max-width: 640px) 100vw, 640px\" \/>\t\t\t\t\t\t\t\t\t\t\t\t\t\t\t<\/div>\n\t\t\t\t<\/div>\n\t\t\t\t<\/div>\n\t\t\t\t\t<\/div>\n\t\t\t\t<\/div>\n\t\t<div class=\"elementor-element elementor-element-90fa914 e-flex e-con-boxed e-con e-parent\" data-id=\"90fa914\" data-element_type=\"container\">\n\t\t\t\t\t<div class=\"e-con-inner\">\n\t\t\t\t<div class=\"elementor-element elementor-element-382e0a6 elementor-widget elementor-widget-heading\" data-id=\"382e0a6\" data-element_type=\"widget\" data-widget_type=\"heading.default\">\n\t\t\t\t<div class=\"elementor-widget-container\">\n\t\t\t\t\t<h3 class=\"elementor-heading-title elementor-size-default\">COMPETENZE UMANISTICHE<\/h3>\t\t\t\t<\/div>\n\t\t\t\t<\/div>\n\t\t\t\t\t<\/div>\n\t\t\t\t<\/div>\n\t\t<div class=\"elementor-element elementor-element-da9032a e-flex e-con-boxed e-con e-parent\" data-id=\"da9032a\" data-element_type=\"container\">\n\t\t\t\t\t<div class=\"e-con-inner\">\n\t\t\t\t<div class=\"elementor-element elementor-element-e74040f elementor-widget elementor-widget-image\" data-id=\"e74040f\" data-element_type=\"widget\" data-widget_type=\"image.default\">\n\t\t\t\t<div class=\"elementor-widget-container\">\n\t\t\t\t\t\t\t\t\t\t\t\t\t\t\t<img decoding=\"async\" width=\"640\" height=\"348\" src=\"https:\/\/alfassa.org\/wp-content\/uploads\/2024\/04\/IM-Competenze-Umanistiche-1024x557.png\" class=\"attachment-large size-large wp-image-1000003946\" alt=\"\" srcset=\"https:\/\/alfassa.org\/wp-content\/uploads\/2024\/04\/IM-Competenze-Umanistiche-1024x557.png 1024w, https:\/\/alfassa.org\/wp-content\/uploads\/2024\/04\/IM-Competenze-Umanistiche-300x163.png 300w, https:\/\/alfassa.org\/wp-content\/uploads\/2024\/04\/IM-Competenze-Umanistiche-768x417.png 768w, https:\/\/alfassa.org\/wp-content\/uploads\/2024\/04\/IM-Competenze-Umanistiche-1536x835.png 1536w, https:\/\/alfassa.org\/wp-content\/uploads\/2024\/04\/IM-Competenze-Umanistiche-2048x1113.png 2048w, https:\/\/alfassa.org\/wp-content\/uploads\/2024\/04\/IM-Competenze-Umanistiche-960x520.png 960w, https:\/\/alfassa.org\/wp-content\/uploads\/2024\/04\/IM-Competenze-Umanistiche-1320x718.png 1320w, https:\/\/alfassa.org\/wp-content\/uploads\/2024\/04\/IM-Competenze-Umanistiche-600x326.png 600w\" sizes=\"(max-width: 640px) 100vw, 640px\" \/>\t\t\t\t\t\t\t\t\t\t\t\t\t\t\t<\/div>\n\t\t\t\t<\/div>\n\t\t\t\t\t<\/div>\n\t\t\t\t<\/div>\n\t\t<div class=\"elementor-element elementor-element-308de72 e-flex e-con-boxed e-con e-parent\" data-id=\"308de72\" data-element_type=\"container\">\n\t\t\t\t\t<div class=\"e-con-inner\">\n\t\t\t\t<div class=\"elementor-element elementor-element-ead3153 elementor-widget elementor-widget-text-editor\" data-id=\"ead3153\" data-element_type=\"widget\" data-widget_type=\"text-editor.default\">\n\t\t\t\t<div class=\"elementor-widget-container\">\n\t\t\t\t\t\t\t\t\t<p><em>La sessione formativa in presenza inizia venerd\u00ec 10 maggio e finisce domenica 12 maggio presso il Castello di Pissignano denominato Borgo Lizori, un Borgo medievale situato vicino le Fonti del Clitunno. In questi tre giorni si svolgeranno attivit\u00e0 sia pratica che teoriche presso i borghi medioevali pi\u00f9 suggestivi dell\u2019Umbria, quali Borgo Rasiglia chiamata anche la Venezia dell\u2019Umbria, il castello di Montesanto dove sar\u00e0 possibile, tra le altre cose, fare l\u2019esperienza del ponte tibetano pi\u00f9 alto d\u2019Europa e un meraviglioso trekking a cavallo immerso nella natura attraversando fiumi e laghi. Proseguir\u00e0 con la visita al Castello di Postignano, un altro borgo che riprende in maniera significativa le origini e la cultura di quel luogo ed infine la meravigliosa Spoleto presso la sede della Fondazione Amen con la quale si condivide un progetto di ricerca che tratta, oltre che all\u2019evoluzione antropologica anche quella teleologica.\u00a0<\/em><\/p><p><strong><em>Sar\u00e0 un\u2019esperienza unica e indimenticabile che vi permetter\u00e0 di immergervi completamente nella comprensione di come energie e vibrazioni possono farvi crescere sia personalmente che professionalmente.\u00a0<\/em><\/strong><\/p>\t\t\t\t\t\t\t\t<\/div>\n\t\t\t\t<\/div>\n\t\t\t\t\t<\/div>\n\t\t\t\t<\/div>\n\t\t<div class=\"elementor-element elementor-element-58f8429 e-flex e-con-boxed e-con e-parent\" data-id=\"58f8429\" data-element_type=\"container\">\n\t\t\t\t\t<div class=\"e-con-inner\">\n\t\t<div class=\"elementor-element elementor-element-6978fd9 e-con-full e-flex e-con e-child\" data-id=\"6978fd9\" data-element_type=\"container\">\n\t\t\t\t<div class=\"elementor-element elementor-element-e78189a elementor-align-justify elementor-widget elementor-widget-button\" data-id=\"e78189a\" data-element_type=\"widget\" data-widget_type=\"button.default\">\n\t\t\t\t<div class=\"elementor-widget-container\">\n\t\t\t\t\t\t\t\t\t<div class=\"elementor-button-wrapper\">\n\t\t\t\t\t<a class=\"elementor-button elementor-button-link elementor-size-sm\" href=\"https:\/\/fondazionehomonovus.net\/event\/interdisciplinary-manager\/\">\n\t\t\t\t\t\t<span class=\"elementor-button-content-wrapper\">\n\t\t\t\t\t\t\t\t\t<span class=\"elementor-button-text\">ISCRIVITI al Corso<\/span>\n\t\t\t\t\t<\/span>\n\t\t\t\t\t<\/a>\n\t\t\t\t<\/div>\n\t\t\t\t\t\t\t\t<\/div>\n\t\t\t\t<\/div>\n\t\t\t\t<\/div>\n\t\t<div class=\"elementor-element elementor-element-60d2bea e-con-full e-flex e-con e-child\" data-id=\"60d2bea\" data-element_type=\"container\">\n\t\t\t\t<\/div>\n\t\t\t\t\t<\/div>\n\t\t\t\t<\/div>\n\t\t\t\t<\/div>\n\t\t","protected":false},"excerpt":{"rendered":"<p>L\u2019Interdisciplinary Manager\u00a0\u00e8 una nuova figura professionale in grado di ampliare le proprie competenze attraverso una visione olistica e interdisciplinare, per comprendere e analizzare problemi complessi avendo acquisito una profonda consapevolezza del futuro in relazione all\u2019evoluzione che determiner\u00e0 il progresso tecnologico. Questa nuova figura professionale anticipa le sfide e le opportunit\u00e0 che il progresso tecnologico apporter\u00e0 [&hellip;]<\/p>\n","protected":false},"author":1,"featured_media":1000003940,"comment_status":"open","ping_status":"open","sticky":false,"template":"","format":"standard","meta":{"om_disable_all_campaigns":false,"inline_featured_image":false,"footnotes":""},"categories":[4],"tags":[59],"class_list":["post-1000003939","post","type-post","status-publish","format-standard","has-post-thumbnail","hentry","category-formazione","tag-fondazione-homo-novus"],"yoast_head":"<!-- This site is optimized with the Yoast SEO Premium plugin v23.3 (Yoast SEO v23.3) - https:\/\/yoast.com\/wordpress\/plugins\/seo\/ -->\n<title>10-11-12 maggio: INTERDISCIPLINARY MANAGER Sessione in presenza - Alfassa<\/title>\n<meta name=\"robots\" content=\"index, follow, max-snippet:-1, max-image-preview:large, max-video-preview:-1\" \/>\n<link rel=\"canonical\" href=\"https:\/\/alfassa.org\/index.php\/2024\/04\/26\/10-11-12-maggio-interdisciplinary-manager-sessione-in-presenza\/01\/\" \/>\n<meta property=\"og:locale\" content=\"en_US\" \/>\n<meta property=\"og:type\" content=\"article\" \/>\n<meta property=\"og:title\" content=\"10-11-12 maggio: INTERDISCIPLINARY MANAGER Sessione in presenza\" \/>\n<meta property=\"og:description\" content=\"L\u2019Interdisciplinary Manager\u00a0\u00e8 una nuova figura professionale in grado di ampliare le proprie competenze attraverso una visione olistica e interdisciplinare, per comprendere e analizzare problemi complessi avendo acquisito una profonda consapevolezza del futuro in relazione all\u2019evoluzione che determiner\u00e0 il progresso tecnologico. Questa nuova figura professionale anticipa le sfide e le opportunit\u00e0 che il progresso tecnologico apporter\u00e0 [&hellip;]\" \/>\n<meta property=\"og:url\" content=\"https:\/\/alfassa.org\/index.php\/2024\/04\/26\/10-11-12-maggio-interdisciplinary-manager-sessione-in-presenza\/01\/\" \/>\n<meta property=\"og:site_name\" content=\"Alfassa\" \/>\n<meta property=\"article:publisher\" content=\"https:\/\/www.facebook.com\/alfassa.net\" \/>\n<meta property=\"article:published_time\" content=\"2024-04-26T17:04:01+00:00\" \/>\n<meta property=\"article:modified_time\" content=\"2024-04-27T09:10:23+00:00\" \/>\n<meta property=\"og:image\" content=\"https:\/\/alfassa.org\/wp-content\/uploads\/2024\/04\/IM-Umanistiche-1024x550.png\" \/>\n\t<meta property=\"og:image:width\" content=\"1024\" \/>\n\t<meta property=\"og:image:height\" content=\"550\" \/>\n\t<meta property=\"og:image:type\" content=\"image\/png\" \/>\n<meta name=\"author\" content=\"alfassa\" \/>\n<meta name=\"twitter:card\" content=\"summary_large_image\" \/>\n<meta name=\"twitter:label1\" content=\"Written by\" \/>\n\t<meta name=\"twitter:data1\" content=\"alfassa\" \/>\n\t<meta name=\"twitter:label2\" content=\"Est. reading time\" \/>\n\t<meta name=\"twitter:data2\" content=\"2 minutes\" \/>\n<script type=\"application\/ld+json\" class=\"yoast-schema-graph\">{\"@context\":\"https:\/\/schema.org\",\"@graph\":[{\"@type\":\"Article\",\"@id\":\"https:\/\/alfassa.org\/index.php\/2024\/04\/26\/10-11-12-maggio-interdisciplinary-manager-sessione-in-presenza\/01\/#article\",\"isPartOf\":{\"@id\":\"https:\/\/alfassa.org\/index.php\/2024\/04\/26\/10-11-12-maggio-interdisciplinary-manager-sessione-in-presenza\/01\/\"},\"author\":{\"name\":\"alfassa\",\"@id\":\"https:\/\/alfassa.org\/#\/schema\/person\/01f90abcf5568ccccf3b627203052163\"},\"headline\":\"10-11-12 maggio: INTERDISCIPLINARY MANAGER Sessione in presenza\",\"datePublished\":\"2024-04-26T17:04:01+00:00\",\"dateModified\":\"2024-04-27T09:10:23+00:00\",\"mainEntityOfPage\":{\"@id\":\"https:\/\/alfassa.org\/index.php\/2024\/04\/26\/10-11-12-maggio-interdisciplinary-manager-sessione-in-presenza\/01\/\"},\"wordCount\":360,\"commentCount\":0,\"publisher\":{\"@id\":\"https:\/\/alfassa.org\/#organization\"},\"image\":{\"@id\":\"https:\/\/alfassa.org\/index.php\/2024\/04\/26\/10-11-12-maggio-interdisciplinary-manager-sessione-in-presenza\/01\/#primaryimage\"},\"thumbnailUrl\":\"https:\/\/alfassa.org\/wp-content\/uploads\/2024\/04\/IM-Umanistiche.png\",\"keywords\":[\"Fondazione Homo Novus\"],\"articleSection\":[\"Formazione\"],\"inLanguage\":\"en-US\",\"potentialAction\":[{\"@type\":\"CommentAction\",\"name\":\"Comment\",\"target\":[\"https:\/\/alfassa.org\/index.php\/2024\/04\/26\/10-11-12-maggio-interdisciplinary-manager-sessione-in-presenza\/01\/#respond\"]}]},{\"@type\":\"WebPage\",\"@id\":\"https:\/\/alfassa.org\/index.php\/2024\/04\/26\/10-11-12-maggio-interdisciplinary-manager-sessione-in-presenza\/01\/\",\"url\":\"https:\/\/alfassa.org\/index.php\/2024\/04\/26\/10-11-12-maggio-interdisciplinary-manager-sessione-in-presenza\/01\/\",\"name\":\"10-11-12 maggio: INTERDISCIPLINARY MANAGER Sessione in presenza - Alfassa\",\"isPartOf\":{\"@id\":\"https:\/\/alfassa.org\/#website\"},\"primaryImageOfPage\":{\"@id\":\"https:\/\/alfassa.org\/index.php\/2024\/04\/26\/10-11-12-maggio-interdisciplinary-manager-sessione-in-presenza\/01\/#primaryimage\"},\"image\":{\"@id\":\"https:\/\/alfassa.org\/index.php\/2024\/04\/26\/10-11-12-maggio-interdisciplinary-manager-sessione-in-presenza\/01\/#primaryimage\"},\"thumbnailUrl\":\"https:\/\/alfassa.org\/wp-content\/uploads\/2024\/04\/IM-Umanistiche.png\",\"datePublished\":\"2024-04-26T17:04:01+00:00\",\"dateModified\":\"2024-04-27T09:10:23+00:00\",\"breadcrumb\":{\"@id\":\"https:\/\/alfassa.org\/index.php\/2024\/04\/26\/10-11-12-maggio-interdisciplinary-manager-sessione-in-presenza\/01\/#breadcrumb\"},\"inLanguage\":\"en-US\",\"potentialAction\":[{\"@type\":\"ReadAction\",\"target\":[\"https:\/\/alfassa.org\/index.php\/2024\/04\/26\/10-11-12-maggio-interdisciplinary-manager-sessione-in-presenza\/01\/\"]}]},{\"@type\":\"ImageObject\",\"inLanguage\":\"en-US\",\"@id\":\"https:\/\/alfassa.org\/index.php\/2024\/04\/26\/10-11-12-maggio-interdisciplinary-manager-sessione-in-presenza\/01\/#primaryimage\",\"url\":\"https:\/\/alfassa.org\/wp-content\/uploads\/2024\/04\/IM-Umanistiche.png\",\"contentUrl\":\"https:\/\/alfassa.org\/wp-content\/uploads\/2024\/04\/IM-Umanistiche.png\",\"width\":4548,\"height\":2441},{\"@type\":\"BreadcrumbList\",\"@id\":\"https:\/\/alfassa.org\/index.php\/2024\/04\/26\/10-11-12-maggio-interdisciplinary-manager-sessione-in-presenza\/01\/#breadcrumb\",\"itemListElement\":[{\"@type\":\"ListItem\",\"position\":1,\"name\":\"Home\",\"item\":\"https:\/\/alfassa.org\/\"},{\"@type\":\"ListItem\",\"position\":2,\"name\":\"10-11-12 maggio: INTERDISCIPLINARY MANAGER Sessione in presenza\"}]},{\"@type\":\"WebSite\",\"@id\":\"https:\/\/alfassa.org\/#website\",\"url\":\"https:\/\/alfassa.org\/\",\"name\":\"www.alfassa.org\",\"description\":\"Creating a better future together\",\"publisher\":{\"@id\":\"https:\/\/alfassa.org\/#organization\"},\"potentialAction\":[{\"@type\":\"SearchAction\",\"target\":{\"@type\":\"EntryPoint\",\"urlTemplate\":\"https:\/\/alfassa.org\/?s={search_term_string}\"},\"query-input\":\"required name=search_term_string\"}],\"inLanguage\":\"en-US\"},{\"@type\":\"Organization\",\"@id\":\"https:\/\/alfassa.org\/#organization\",\"name\":\"Alfassa\",\"url\":\"https:\/\/alfassa.org\/\",\"logo\":{\"@type\":\"ImageObject\",\"inLanguage\":\"en-US\",\"@id\":\"https:\/\/alfassa.org\/#\/schema\/logo\/image\/\",\"url\":\"https:\/\/alfassa.org\/wp-content\/uploads\/2020\/01\/Rosa-Alfassa-2024-1024x1010.png\",\"contentUrl\":\"https:\/\/alfassa.org\/wp-content\/uploads\/2020\/01\/Rosa-Alfassa-2024-1024x1010.png\",\"width\":1024,\"height\":1010,\"caption\":\"Alfassa\"},\"image\":{\"@id\":\"https:\/\/alfassa.org\/#\/schema\/logo\/image\/\"},\"sameAs\":[\"https:\/\/www.facebook.com\/alfassa.net\",\"https:\/\/www.linkedin.com\/company\/alfassa\"]},{\"@type\":\"Person\",\"@id\":\"https:\/\/alfassa.org\/#\/schema\/person\/01f90abcf5568ccccf3b627203052163\",\"name\":\"alfassa\",\"image\":{\"@type\":\"ImageObject\",\"inLanguage\":\"en-US\",\"@id\":\"https:\/\/alfassa.org\/#\/schema\/person\/image\/\",\"url\":\"https:\/\/secure.gravatar.com\/avatar\/e370bb3763c6ea520c98266cd7bc39ec?s=96&d=mm&r=g\",\"contentUrl\":\"https:\/\/secure.gravatar.com\/avatar\/e370bb3763c6ea520c98266cd7bc39ec?s=96&d=mm&r=g\",\"caption\":\"alfassa\"},\"sameAs\":[\"http:\/\/media.alfageneration.org\"],\"url\":\"https:\/\/alfassa.org\/index.php\/author\/alfassa\/\"}]}<\/script>\n<!-- \/ Yoast SEO Premium plugin. -->","yoast_head_json":{"title":"10-11-12 maggio: INTERDISCIPLINARY MANAGER Sessione in presenza - Alfassa","robots":{"index":"index","follow":"follow","max-snippet":"max-snippet:-1","max-image-preview":"max-image-preview:large","max-video-preview":"max-video-preview:-1"},"canonical":"https:\/\/alfassa.org\/index.php\/2024\/04\/26\/10-11-12-maggio-interdisciplinary-manager-sessione-in-presenza\/01\/","og_locale":"en_US","og_type":"article","og_title":"10-11-12 maggio: INTERDISCIPLINARY MANAGER Sessione in presenza","og_description":"L\u2019Interdisciplinary Manager\u00a0\u00e8 una nuova figura professionale in grado di ampliare le proprie competenze attraverso una visione olistica e interdisciplinare, per comprendere e analizzare problemi complessi avendo acquisito una profonda consapevolezza del futuro in relazione all\u2019evoluzione che determiner\u00e0 il progresso tecnologico. Questa nuova figura professionale anticipa le sfide e le opportunit\u00e0 che il progresso tecnologico apporter\u00e0 [&hellip;]","og_url":"https:\/\/alfassa.org\/index.php\/2024\/04\/26\/10-11-12-maggio-interdisciplinary-manager-sessione-in-presenza\/01\/","og_site_name":"Alfassa","article_publisher":"https:\/\/www.facebook.com\/alfassa.net","article_published_time":"2024-04-26T17:04:01+00:00","article_modified_time":"2024-04-27T09:10:23+00:00","og_image":[{"width":1024,"height":550,"url":"https:\/\/alfassa.org\/wp-content\/uploads\/2024\/04\/IM-Umanistiche-1024x550.png","type":"image\/png"}],"author":"alfassa","twitter_card":"summary_large_image","twitter_misc":{"Written by":"alfassa","Est. reading time":"2 minutes"},"schema":{"@context":"https:\/\/schema.org","@graph":[{"@type":"Article","@id":"https:\/\/alfassa.org\/index.php\/2024\/04\/26\/10-11-12-maggio-interdisciplinary-manager-sessione-in-presenza\/01\/#article","isPartOf":{"@id":"https:\/\/alfassa.org\/index.php\/2024\/04\/26\/10-11-12-maggio-interdisciplinary-manager-sessione-in-presenza\/01\/"},"author":{"name":"alfassa","@id":"https:\/\/alfassa.org\/#\/schema\/person\/01f90abcf5568ccccf3b627203052163"},"headline":"10-11-12 maggio: INTERDISCIPLINARY MANAGER Sessione in presenza","datePublished":"2024-04-26T17:04:01+00:00","dateModified":"2024-04-27T09:10:23+00:00","mainEntityOfPage":{"@id":"https:\/\/alfassa.org\/index.php\/2024\/04\/26\/10-11-12-maggio-interdisciplinary-manager-sessione-in-presenza\/01\/"},"wordCount":360,"commentCount":0,"publisher":{"@id":"https:\/\/alfassa.org\/#organization"},"image":{"@id":"https:\/\/alfassa.org\/index.php\/2024\/04\/26\/10-11-12-maggio-interdisciplinary-manager-sessione-in-presenza\/01\/#primaryimage"},"thumbnailUrl":"https:\/\/alfassa.org\/wp-content\/uploads\/2024\/04\/IM-Umanistiche.png","keywords":["Fondazione Homo Novus"],"articleSection":["Formazione"],"inLanguage":"en-US","potentialAction":[{"@type":"CommentAction","name":"Comment","target":["https:\/\/alfassa.org\/index.php\/2024\/04\/26\/10-11-12-maggio-interdisciplinary-manager-sessione-in-presenza\/01\/#respond"]}]},{"@type":"WebPage","@id":"https:\/\/alfassa.org\/index.php\/2024\/04\/26\/10-11-12-maggio-interdisciplinary-manager-sessione-in-presenza\/01\/","url":"https:\/\/alfassa.org\/index.php\/2024\/04\/26\/10-11-12-maggio-interdisciplinary-manager-sessione-in-presenza\/01\/","name":"10-11-12 maggio: INTERDISCIPLINARY MANAGER Sessione in presenza - Alfassa","isPartOf":{"@id":"https:\/\/alfassa.org\/#website"},"primaryImageOfPage":{"@id":"https:\/\/alfassa.org\/index.php\/2024\/04\/26\/10-11-12-maggio-interdisciplinary-manager-sessione-in-presenza\/01\/#primaryimage"},"image":{"@id":"https:\/\/alfassa.org\/index.php\/2024\/04\/26\/10-11-12-maggio-interdisciplinary-manager-sessione-in-presenza\/01\/#primaryimage"},"thumbnailUrl":"https:\/\/alfassa.org\/wp-content\/uploads\/2024\/04\/IM-Umanistiche.png","datePublished":"2024-04-26T17:04:01+00:00","dateModified":"2024-04-27T09:10:23+00:00","breadcrumb":{"@id":"https:\/\/alfassa.org\/index.php\/2024\/04\/26\/10-11-12-maggio-interdisciplinary-manager-sessione-in-presenza\/01\/#breadcrumb"},"inLanguage":"en-US","potentialAction":[{"@type":"ReadAction","target":["https:\/\/alfassa.org\/index.php\/2024\/04\/26\/10-11-12-maggio-interdisciplinary-manager-sessione-in-presenza\/01\/"]}]},{"@type":"ImageObject","inLanguage":"en-US","@id":"https:\/\/alfassa.org\/index.php\/2024\/04\/26\/10-11-12-maggio-interdisciplinary-manager-sessione-in-presenza\/01\/#primaryimage","url":"https:\/\/alfassa.org\/wp-content\/uploads\/2024\/04\/IM-Umanistiche.png","contentUrl":"https:\/\/alfassa.org\/wp-content\/uploads\/2024\/04\/IM-Umanistiche.png","width":4548,"height":2441},{"@type":"BreadcrumbList","@id":"https:\/\/alfassa.org\/index.php\/2024\/04\/26\/10-11-12-maggio-interdisciplinary-manager-sessione-in-presenza\/01\/#breadcrumb","itemListElement":[{"@type":"ListItem","position":1,"name":"Home","item":"https:\/\/alfassa.org\/"},{"@type":"ListItem","position":2,"name":"10-11-12 maggio: INTERDISCIPLINARY MANAGER Sessione in presenza"}]},{"@type":"WebSite","@id":"https:\/\/alfassa.org\/#website","url":"https:\/\/alfassa.org\/","name":"www.alfassa.org","description":"Creating a better future together","publisher":{"@id":"https:\/\/alfassa.org\/#organization"},"potentialAction":[{"@type":"SearchAction","target":{"@type":"EntryPoint","urlTemplate":"https:\/\/alfassa.org\/?s={search_term_string}"},"query-input":"required name=search_term_string"}],"inLanguage":"en-US"},{"@type":"Organization","@id":"https:\/\/alfassa.org\/#organization","name":"Alfassa","url":"https:\/\/alfassa.org\/","logo":{"@type":"ImageObject","inLanguage":"en-US","@id":"https:\/\/alfassa.org\/#\/schema\/logo\/image\/","url":"https:\/\/alfassa.org\/wp-content\/uploads\/2020\/01\/Rosa-Alfassa-2024-1024x1010.png","contentUrl":"https:\/\/alfassa.org\/wp-content\/uploads\/2020\/01\/Rosa-Alfassa-2024-1024x1010.png","width":1024,"height":1010,"caption":"Alfassa"},"image":{"@id":"https:\/\/alfassa.org\/#\/schema\/logo\/image\/"},"sameAs":["https:\/\/www.facebook.com\/alfassa.net","https:\/\/www.linkedin.com\/company\/alfassa"]},{"@type":"Person","@id":"https:\/\/alfassa.org\/#\/schema\/person\/01f90abcf5568ccccf3b627203052163","name":"alfassa","image":{"@type":"ImageObject","inLanguage":"en-US","@id":"https:\/\/alfassa.org\/#\/schema\/person\/image\/","url":"https:\/\/secure.gravatar.com\/avatar\/e370bb3763c6ea520c98266cd7bc39ec?s=96&d=mm&r=g","contentUrl":"https:\/\/secure.gravatar.com\/avatar\/e370bb3763c6ea520c98266cd7bc39ec?s=96&d=mm&r=g","caption":"alfassa"},"sameAs":["http:\/\/media.alfageneration.org"],"url":"https:\/\/alfassa.org\/index.php\/author\/alfassa\/"}]}},"_links":{"self":[{"href":"https:\/\/alfassa.org\/index.php\/wp-json\/wp\/v2\/posts\/1000003939","targetHints":{"allow":["GET"]}}],"collection":[{"href":"https:\/\/alfassa.org\/index.php\/wp-json\/wp\/v2\/posts"}],"about":[{"href":"https:\/\/alfassa.org\/index.php\/wp-json\/wp\/v2\/types\/post"}],"author":[{"embeddable":true,"href":"https:\/\/alfassa.org\/index.php\/wp-json\/wp\/v2\/users\/1"}],"replies":[{"embeddable":true,"href":"https:\/\/alfassa.org\/index.php\/wp-json\/wp\/v2\/comments?post=1000003939"}],"version-history":[{"count":10,"href":"https:\/\/alfassa.org\/index.php\/wp-json\/wp\/v2\/posts\/1000003939\/revisions"}],"predecessor-version":[{"id":1000003953,"href":"https:\/\/alfassa.org\/index.php\/wp-json\/wp\/v2\/posts\/1000003939\/revisions\/1000003953"}],"wp:featuredmedia":[{"embeddable":true,"href":"https:\/\/alfassa.org\/index.php\/wp-json\/wp\/v2\/media\/1000003940"}],"wp:attachment":[{"href":"https:\/\/alfassa.org\/index.php\/wp-json\/wp\/v2\/media?parent=1000003939"}],"wp:term":[{"taxonomy":"category","embeddable":true,"href":"https:\/\/alfassa.org\/index.php\/wp-json\/wp\/v2\/categories?post=1000003939"},{"taxonomy":"post_tag","embeddable":true,"href":"https:\/\/alfassa.org\/index.php\/wp-json\/wp\/v2\/tags?post=1000003939"}],"curies":[{"name":"wp","href":"https:\/\/api.w.org\/{rel}","templated":true}]}}