{"id":1000002520,"date":"2018-10-19T00:00:28","date_gmt":"2018-10-19T00:00:28","guid":{"rendered":"https:\/\/magzine.ghostpool.com\/?p=170"},"modified":"2023-10-07T18:45:14","modified_gmt":"2023-10-07T18:45:14","slug":"aquila-convergenza-dei-saperi","status":"publish","type":"post","link":"https:\/\/alfassa.org\/index.php\/2018\/10\/19\/aquila-convergenza-dei-saperi\/28\/","title":{"rendered":"Aquila: Convergenza dei saperi"},"content":{"rendered":"\t\t<div data-elementor-type=\"wp-post\" data-elementor-id=\"1000002520\" class=\"elementor elementor-1000002520\" data-elementor-post-type=\"post\">\n\t\t\t\t<div class=\"elementor-element elementor-element-2392221f e-flex e-con-boxed e-con e-parent\" data-id=\"2392221f\" data-element_type=\"container\">\n\t\t\t\t\t<div class=\"e-con-inner\">\n\t\t\t\t<div class=\"elementor-element elementor-element-530f86e3 elementor-widget elementor-widget-text-editor\" data-id=\"530f86e3\" data-element_type=\"widget\" data-widget_type=\"text-editor.default\">\n\t\t\t\t<div class=\"elementor-widget-container\">\n\t\t\t\t\t\t\t\t\t<p>L&#8217;evento tenutosi all&#8217;Aquila \u00e8 stato un momento molto significativo per la comunit\u00e0, poich\u00e9 il modello Alfassa \u00e8 stato presentato davanti a un pubblico attento e interessato. Questo evento si \u00e8 svolto in un contesto ancora segnato dalla ricostruzione post terremoto, rendendo ancora pi\u00f9 importante il messaggio di speranza e rinascita portato dal modello.<\/p><p>La presentazione del modello Alfassa \u00e8 stata fatta da illustri personaggi, la cui presenza ha contribuito a rendere l&#8217;evento ancora pi\u00f9 speciale. Questi personaggi, che potrebbero includere autorit\u00e0 locali, esperti nel campo dell&#8217;architettura e personalit\u00e0 di rilievo, hanno partecipato per condividere la loro visione e sostenere l&#8217;iniziativa.<\/p><p>Il pubblico presente era formato da cittadini dell&#8217;Aquila, che hanno dimostrato grande interesse ed entusiasmo nel conoscere il modello Alfassa. Le persone erano consapevoli dell&#8217;importanza di una ricostruzione che non solo ripristini gli edifici, ma che promuova anche la crescita e il benessere della comunit\u00e0. L&#8217;attenzione e l&#8217;ascolto attento del pubblico hanno sottolineato il desiderio di un futuro migliore e pi\u00f9 sicuro per tutti.<\/p><p>Durante l&#8217;evento, sono state presentate le caratteristiche e i benefici del modello Alfassa. Questo modello, sviluppato appositamente per l&#8217;Aquila, si basa su concetti innovativi di sostenibilit\u00e0, sicurezza e rigenerazione urbana. Gli esperti hanno illustrato come il modello Alfassa offra soluzioni creative per gli aspetti sociali, ambientali ed economici della ricostruzione post terremoto.<\/p><p>La presentazione ha suscitato una serie di discussioni e domande da parte del pubblico, dimostrando l&#8217;interesse e la curiosit\u00e0 di tutti. Gli illustri personaggi presenti hanno risposto con competenza e passione, arricchendo ulteriormente la comprensione del modello e incoraggiando la partecipazione attiva della comunit\u00e0.<\/p><p>Questo evento ha rappresentato un passo importante verso una ricostruzione sostenibile e resiliente per l&#8217;Aquila. Ha evidenziato l&#8217;importanza dell&#8217;innovazione e della collaborazione per affrontare le sfide post terremoto e ha ispirato la comunit\u00e0 a lavorare insieme verso un futuro migliore.<\/p>\t\t\t\t\t\t\t\t<\/div>\n\t\t\t\t<\/div>\n\t\t\t\t\t<\/div>\n\t\t\t\t<\/div>\n\t\t<div class=\"elementor-element elementor-element-dc39998 e-flex e-con-boxed e-con e-parent\" data-id=\"dc39998\" data-element_type=\"container\">\n\t\t\t\t\t<div class=\"e-con-inner\">\n\t\t\t\t<div class=\"elementor-element elementor-element-e6fc513 elementor-widget elementor-widget-video\" data-id=\"e6fc513\" data-element_type=\"widget\" data-settings=\"{&quot;youtube_url&quot;:&quot;https:\\\/\\\/youtu.be\\\/dBy7Bamh2dg&quot;,&quot;video_type&quot;:&quot;youtube&quot;,&quot;controls&quot;:&quot;yes&quot;}\" data-widget_type=\"video.default\">\n\t\t\t\t<div class=\"elementor-widget-container\">\n\t\t\t\t\t\t\t<div class=\"elementor-wrapper elementor-open-inline\">\n\t\t\t<div class=\"elementor-video\"><\/div>\t\t<\/div>\n\t\t\t\t\t\t<\/div>\n\t\t\t\t<\/div>\n\t\t\t\t\t<\/div>\n\t\t\t\t<\/div>\n\t\t\t\t<\/div>\n\t\t","protected":false},"excerpt":{"rendered":"<p>L&#8217;evento tenutosi all&#8217;Aquila \u00e8 stato un momento molto significativo per la comunit\u00e0, poich\u00e9 il modello Alfassa \u00e8 stato presentato davanti a un pubblico attento e interessato. Questo evento si \u00e8 svolto in un contesto ancora segnato dalla ricostruzione post terremoto, rendendo ancora pi\u00f9 importante il messaggio di speranza e rinascita portato dal modello. La presentazione [&hellip;]<\/p>\n","protected":false},"author":1,"featured_media":1000002767,"comment_status":"open","ping_status":"open","sticky":false,"template":"","format":"standard","meta":{"om_disable_all_campaigns":false,"inline_featured_image":false,"footnotes":""},"categories":[46],"tags":[143],"class_list":["post-1000002520","post","type-post","status-publish","format-standard","has-post-thumbnail","hentry","category-eventi-alfassa","tag-i2iplatform"],"yoast_head":"<!-- This site is optimized with the Yoast SEO Premium plugin v23.3 (Yoast SEO v23.3) - https:\/\/yoast.com\/wordpress\/plugins\/seo\/ -->\n<title>Aquila: Convergenza dei saperi - Alfassa<\/title>\n<meta name=\"robots\" content=\"index, follow, max-snippet:-1, max-image-preview:large, max-video-preview:-1\" \/>\n<link rel=\"canonical\" href=\"https:\/\/alfassa.org\/index.php\/2018\/10\/19\/aquila-convergenza-dei-saperi\/28\/\" \/>\n<meta property=\"og:locale\" content=\"en_US\" \/>\n<meta property=\"og:type\" content=\"article\" \/>\n<meta property=\"og:title\" content=\"Aquila: Convergenza dei saperi\" \/>\n<meta property=\"og:description\" content=\"L&#8217;evento tenutosi all&#8217;Aquila \u00e8 stato un momento molto significativo per la comunit\u00e0, poich\u00e9 il modello Alfassa \u00e8 stato presentato davanti a un pubblico attento e interessato. Questo evento si \u00e8 svolto in un contesto ancora segnato dalla ricostruzione post terremoto, rendendo ancora pi\u00f9 importante il messaggio di speranza e rinascita portato dal modello. La presentazione [&hellip;]\" \/>\n<meta property=\"og:url\" content=\"https:\/\/alfassa.org\/index.php\/2018\/10\/19\/aquila-convergenza-dei-saperi\/28\/\" \/>\n<meta property=\"og:site_name\" content=\"Alfassa\" \/>\n<meta property=\"article:publisher\" content=\"https:\/\/www.facebook.com\/alfassa.net\" \/>\n<meta property=\"article:published_time\" content=\"2018-10-19T00:00:28+00:00\" \/>\n<meta property=\"article:modified_time\" content=\"2023-10-07T18:45:14+00:00\" \/>\n<meta property=\"og:image\" content=\"https:\/\/alfassa.org\/wp-content\/uploads\/2018\/10\/Convergenza-sostenibile-dei-saperi.jpg\" \/>\n\t<meta property=\"og:image:width\" content=\"643\" \/>\n\t<meta property=\"og:image:height\" content=\"339\" \/>\n\t<meta property=\"og:image:type\" content=\"image\/jpeg\" \/>\n<meta name=\"author\" content=\"alfassa\" \/>\n<meta name=\"twitter:card\" content=\"summary_large_image\" \/>\n<meta name=\"twitter:label1\" content=\"Written by\" \/>\n\t<meta name=\"twitter:data1\" content=\"alfassa\" \/>\n\t<meta name=\"twitter:label2\" content=\"Est. reading time\" \/>\n\t<meta name=\"twitter:data2\" content=\"2 minutes\" \/>\n<script type=\"application\/ld+json\" class=\"yoast-schema-graph\">{\"@context\":\"https:\/\/schema.org\",\"@graph\":[{\"@type\":\"Article\",\"@id\":\"https:\/\/alfassa.org\/index.php\/2018\/10\/19\/aquila-convergenza-dei-saperi\/28\/#article\",\"isPartOf\":{\"@id\":\"https:\/\/alfassa.org\/index.php\/2018\/10\/19\/aquila-convergenza-dei-saperi\/28\/\"},\"author\":{\"name\":\"alfassa\",\"@id\":\"https:\/\/alfassa.org\/#\/schema\/person\/01f90abcf5568ccccf3b627203052163\"},\"headline\":\"Aquila: Convergenza dei saperi\",\"datePublished\":\"2018-10-19T00:00:28+00:00\",\"dateModified\":\"2023-10-07T18:45:14+00:00\",\"mainEntityOfPage\":{\"@id\":\"https:\/\/alfassa.org\/index.php\/2018\/10\/19\/aquila-convergenza-dei-saperi\/28\/\"},\"wordCount\":321,\"commentCount\":0,\"publisher\":{\"@id\":\"https:\/\/alfassa.org\/#organization\"},\"image\":{\"@id\":\"https:\/\/alfassa.org\/index.php\/2018\/10\/19\/aquila-convergenza-dei-saperi\/28\/#primaryimage\"},\"thumbnailUrl\":\"https:\/\/alfassa.org\/wp-content\/uploads\/2018\/10\/Convergenza-sostenibile-dei-saperi.jpg\",\"keywords\":[\"(i2i) Platform\"],\"articleSection\":[\"Eventi Alfassa\"],\"inLanguage\":\"en-US\",\"potentialAction\":[{\"@type\":\"CommentAction\",\"name\":\"Comment\",\"target\":[\"https:\/\/alfassa.org\/index.php\/2018\/10\/19\/aquila-convergenza-dei-saperi\/28\/#respond\"]}]},{\"@type\":\"WebPage\",\"@id\":\"https:\/\/alfassa.org\/index.php\/2018\/10\/19\/aquila-convergenza-dei-saperi\/28\/\",\"url\":\"https:\/\/alfassa.org\/index.php\/2018\/10\/19\/aquila-convergenza-dei-saperi\/28\/\",\"name\":\"Aquila: Convergenza dei saperi - Alfassa\",\"isPartOf\":{\"@id\":\"https:\/\/alfassa.org\/#website\"},\"primaryImageOfPage\":{\"@id\":\"https:\/\/alfassa.org\/index.php\/2018\/10\/19\/aquila-convergenza-dei-saperi\/28\/#primaryimage\"},\"image\":{\"@id\":\"https:\/\/alfassa.org\/index.php\/2018\/10\/19\/aquila-convergenza-dei-saperi\/28\/#primaryimage\"},\"thumbnailUrl\":\"https:\/\/alfassa.org\/wp-content\/uploads\/2018\/10\/Convergenza-sostenibile-dei-saperi.jpg\",\"datePublished\":\"2018-10-19T00:00:28+00:00\",\"dateModified\":\"2023-10-07T18:45:14+00:00\",\"breadcrumb\":{\"@id\":\"https:\/\/alfassa.org\/index.php\/2018\/10\/19\/aquila-convergenza-dei-saperi\/28\/#breadcrumb\"},\"inLanguage\":\"en-US\",\"potentialAction\":[{\"@type\":\"ReadAction\",\"target\":[\"https:\/\/alfassa.org\/index.php\/2018\/10\/19\/aquila-convergenza-dei-saperi\/28\/\"]}]},{\"@type\":\"ImageObject\",\"inLanguage\":\"en-US\",\"@id\":\"https:\/\/alfassa.org\/index.php\/2018\/10\/19\/aquila-convergenza-dei-saperi\/28\/#primaryimage\",\"url\":\"https:\/\/alfassa.org\/wp-content\/uploads\/2018\/10\/Convergenza-sostenibile-dei-saperi.jpg\",\"contentUrl\":\"https:\/\/alfassa.org\/wp-content\/uploads\/2018\/10\/Convergenza-sostenibile-dei-saperi.jpg\",\"width\":643,\"height\":339},{\"@type\":\"BreadcrumbList\",\"@id\":\"https:\/\/alfassa.org\/index.php\/2018\/10\/19\/aquila-convergenza-dei-saperi\/28\/#breadcrumb\",\"itemListElement\":[{\"@type\":\"ListItem\",\"position\":1,\"name\":\"Home\",\"item\":\"https:\/\/alfassa.org\/\"},{\"@type\":\"ListItem\",\"position\":2,\"name\":\"Aquila: Convergenza dei saperi\"}]},{\"@type\":\"WebSite\",\"@id\":\"https:\/\/alfassa.org\/#website\",\"url\":\"https:\/\/alfassa.org\/\",\"name\":\"www.alfassa.org\",\"description\":\"Creating a better future together\",\"publisher\":{\"@id\":\"https:\/\/alfassa.org\/#organization\"},\"potentialAction\":[{\"@type\":\"SearchAction\",\"target\":{\"@type\":\"EntryPoint\",\"urlTemplate\":\"https:\/\/alfassa.org\/?s={search_term_string}\"},\"query-input\":\"required name=search_term_string\"}],\"inLanguage\":\"en-US\"},{\"@type\":\"Organization\",\"@id\":\"https:\/\/alfassa.org\/#organization\",\"name\":\"Alfassa\",\"url\":\"https:\/\/alfassa.org\/\",\"logo\":{\"@type\":\"ImageObject\",\"inLanguage\":\"en-US\",\"@id\":\"https:\/\/alfassa.org\/#\/schema\/logo\/image\/\",\"url\":\"https:\/\/alfassa.org\/wp-content\/uploads\/2020\/01\/Rosa-Alfassa-2024-1024x1010.png\",\"contentUrl\":\"https:\/\/alfassa.org\/wp-content\/uploads\/2020\/01\/Rosa-Alfassa-2024-1024x1010.png\",\"width\":1024,\"height\":1010,\"caption\":\"Alfassa\"},\"image\":{\"@id\":\"https:\/\/alfassa.org\/#\/schema\/logo\/image\/\"},\"sameAs\":[\"https:\/\/www.facebook.com\/alfassa.net\",\"https:\/\/www.linkedin.com\/company\/alfassa\"]},{\"@type\":\"Person\",\"@id\":\"https:\/\/alfassa.org\/#\/schema\/person\/01f90abcf5568ccccf3b627203052163\",\"name\":\"alfassa\",\"image\":{\"@type\":\"ImageObject\",\"inLanguage\":\"en-US\",\"@id\":\"https:\/\/alfassa.org\/#\/schema\/person\/image\/\",\"url\":\"https:\/\/secure.gravatar.com\/avatar\/e370bb3763c6ea520c98266cd7bc39ec?s=96&d=mm&r=g\",\"contentUrl\":\"https:\/\/secure.gravatar.com\/avatar\/e370bb3763c6ea520c98266cd7bc39ec?s=96&d=mm&r=g\",\"caption\":\"alfassa\"},\"sameAs\":[\"http:\/\/media.alfageneration.org\"],\"url\":\"https:\/\/alfassa.org\/index.php\/author\/alfassa\/\"}]}<\/script>\n<!-- \/ Yoast SEO Premium plugin. -->","yoast_head_json":{"title":"Aquila: Convergenza dei saperi - Alfassa","robots":{"index":"index","follow":"follow","max-snippet":"max-snippet:-1","max-image-preview":"max-image-preview:large","max-video-preview":"max-video-preview:-1"},"canonical":"https:\/\/alfassa.org\/index.php\/2018\/10\/19\/aquila-convergenza-dei-saperi\/28\/","og_locale":"en_US","og_type":"article","og_title":"Aquila: Convergenza dei saperi","og_description":"L&#8217;evento tenutosi all&#8217;Aquila \u00e8 stato un momento molto significativo per la comunit\u00e0, poich\u00e9 il modello Alfassa \u00e8 stato presentato davanti a un pubblico attento e interessato. Questo evento si \u00e8 svolto in un contesto ancora segnato dalla ricostruzione post terremoto, rendendo ancora pi\u00f9 importante il messaggio di speranza e rinascita portato dal modello. La presentazione [&hellip;]","og_url":"https:\/\/alfassa.org\/index.php\/2018\/10\/19\/aquila-convergenza-dei-saperi\/28\/","og_site_name":"Alfassa","article_publisher":"https:\/\/www.facebook.com\/alfassa.net","article_published_time":"2018-10-19T00:00:28+00:00","article_modified_time":"2023-10-07T18:45:14+00:00","og_image":[{"width":643,"height":339,"url":"https:\/\/alfassa.org\/wp-content\/uploads\/2018\/10\/Convergenza-sostenibile-dei-saperi.jpg","type":"image\/jpeg"}],"author":"alfassa","twitter_card":"summary_large_image","twitter_misc":{"Written by":"alfassa","Est. reading time":"2 minutes"},"schema":{"@context":"https:\/\/schema.org","@graph":[{"@type":"Article","@id":"https:\/\/alfassa.org\/index.php\/2018\/10\/19\/aquila-convergenza-dei-saperi\/28\/#article","isPartOf":{"@id":"https:\/\/alfassa.org\/index.php\/2018\/10\/19\/aquila-convergenza-dei-saperi\/28\/"},"author":{"name":"alfassa","@id":"https:\/\/alfassa.org\/#\/schema\/person\/01f90abcf5568ccccf3b627203052163"},"headline":"Aquila: Convergenza dei saperi","datePublished":"2018-10-19T00:00:28+00:00","dateModified":"2023-10-07T18:45:14+00:00","mainEntityOfPage":{"@id":"https:\/\/alfassa.org\/index.php\/2018\/10\/19\/aquila-convergenza-dei-saperi\/28\/"},"wordCount":321,"commentCount":0,"publisher":{"@id":"https:\/\/alfassa.org\/#organization"},"image":{"@id":"https:\/\/alfassa.org\/index.php\/2018\/10\/19\/aquila-convergenza-dei-saperi\/28\/#primaryimage"},"thumbnailUrl":"https:\/\/alfassa.org\/wp-content\/uploads\/2018\/10\/Convergenza-sostenibile-dei-saperi.jpg","keywords":["(i2i) Platform"],"articleSection":["Eventi Alfassa"],"inLanguage":"en-US","potentialAction":[{"@type":"CommentAction","name":"Comment","target":["https:\/\/alfassa.org\/index.php\/2018\/10\/19\/aquila-convergenza-dei-saperi\/28\/#respond"]}]},{"@type":"WebPage","@id":"https:\/\/alfassa.org\/index.php\/2018\/10\/19\/aquila-convergenza-dei-saperi\/28\/","url":"https:\/\/alfassa.org\/index.php\/2018\/10\/19\/aquila-convergenza-dei-saperi\/28\/","name":"Aquila: Convergenza dei saperi - Alfassa","isPartOf":{"@id":"https:\/\/alfassa.org\/#website"},"primaryImageOfPage":{"@id":"https:\/\/alfassa.org\/index.php\/2018\/10\/19\/aquila-convergenza-dei-saperi\/28\/#primaryimage"},"image":{"@id":"https:\/\/alfassa.org\/index.php\/2018\/10\/19\/aquila-convergenza-dei-saperi\/28\/#primaryimage"},"thumbnailUrl":"https:\/\/alfassa.org\/wp-content\/uploads\/2018\/10\/Convergenza-sostenibile-dei-saperi.jpg","datePublished":"2018-10-19T00:00:28+00:00","dateModified":"2023-10-07T18:45:14+00:00","breadcrumb":{"@id":"https:\/\/alfassa.org\/index.php\/2018\/10\/19\/aquila-convergenza-dei-saperi\/28\/#breadcrumb"},"inLanguage":"en-US","potentialAction":[{"@type":"ReadAction","target":["https:\/\/alfassa.org\/index.php\/2018\/10\/19\/aquila-convergenza-dei-saperi\/28\/"]}]},{"@type":"ImageObject","inLanguage":"en-US","@id":"https:\/\/alfassa.org\/index.php\/2018\/10\/19\/aquila-convergenza-dei-saperi\/28\/#primaryimage","url":"https:\/\/alfassa.org\/wp-content\/uploads\/2018\/10\/Convergenza-sostenibile-dei-saperi.jpg","contentUrl":"https:\/\/alfassa.org\/wp-content\/uploads\/2018\/10\/Convergenza-sostenibile-dei-saperi.jpg","width":643,"height":339},{"@type":"BreadcrumbList","@id":"https:\/\/alfassa.org\/index.php\/2018\/10\/19\/aquila-convergenza-dei-saperi\/28\/#breadcrumb","itemListElement":[{"@type":"ListItem","position":1,"name":"Home","item":"https:\/\/alfassa.org\/"},{"@type":"ListItem","position":2,"name":"Aquila: Convergenza dei saperi"}]},{"@type":"WebSite","@id":"https:\/\/alfassa.org\/#website","url":"https:\/\/alfassa.org\/","name":"www.alfassa.org","description":"Creating a better future together","publisher":{"@id":"https:\/\/alfassa.org\/#organization"},"potentialAction":[{"@type":"SearchAction","target":{"@type":"EntryPoint","urlTemplate":"https:\/\/alfassa.org\/?s={search_term_string}"},"query-input":"required name=search_term_string"}],"inLanguage":"en-US"},{"@type":"Organization","@id":"https:\/\/alfassa.org\/#organization","name":"Alfassa","url":"https:\/\/alfassa.org\/","logo":{"@type":"ImageObject","inLanguage":"en-US","@id":"https:\/\/alfassa.org\/#\/schema\/logo\/image\/","url":"https:\/\/alfassa.org\/wp-content\/uploads\/2020\/01\/Rosa-Alfassa-2024-1024x1010.png","contentUrl":"https:\/\/alfassa.org\/wp-content\/uploads\/2020\/01\/Rosa-Alfassa-2024-1024x1010.png","width":1024,"height":1010,"caption":"Alfassa"},"image":{"@id":"https:\/\/alfassa.org\/#\/schema\/logo\/image\/"},"sameAs":["https:\/\/www.facebook.com\/alfassa.net","https:\/\/www.linkedin.com\/company\/alfassa"]},{"@type":"Person","@id":"https:\/\/alfassa.org\/#\/schema\/person\/01f90abcf5568ccccf3b627203052163","name":"alfassa","image":{"@type":"ImageObject","inLanguage":"en-US","@id":"https:\/\/alfassa.org\/#\/schema\/person\/image\/","url":"https:\/\/secure.gravatar.com\/avatar\/e370bb3763c6ea520c98266cd7bc39ec?s=96&d=mm&r=g","contentUrl":"https:\/\/secure.gravatar.com\/avatar\/e370bb3763c6ea520c98266cd7bc39ec?s=96&d=mm&r=g","caption":"alfassa"},"sameAs":["http:\/\/media.alfageneration.org"],"url":"https:\/\/alfassa.org\/index.php\/author\/alfassa\/"}]}},"_links":{"self":[{"href":"https:\/\/alfassa.org\/index.php\/wp-json\/wp\/v2\/posts\/1000002520","targetHints":{"allow":["GET"]}}],"collection":[{"href":"https:\/\/alfassa.org\/index.php\/wp-json\/wp\/v2\/posts"}],"about":[{"href":"https:\/\/alfassa.org\/index.php\/wp-json\/wp\/v2\/types\/post"}],"author":[{"embeddable":true,"href":"https:\/\/alfassa.org\/index.php\/wp-json\/wp\/v2\/users\/1"}],"replies":[{"embeddable":true,"href":"https:\/\/alfassa.org\/index.php\/wp-json\/wp\/v2\/comments?post=1000002520"}],"version-history":[{"count":4,"href":"https:\/\/alfassa.org\/index.php\/wp-json\/wp\/v2\/posts\/1000002520\/revisions"}],"predecessor-version":[{"id":1000002770,"href":"https:\/\/alfassa.org\/index.php\/wp-json\/wp\/v2\/posts\/1000002520\/revisions\/1000002770"}],"wp:featuredmedia":[{"embeddable":true,"href":"https:\/\/alfassa.org\/index.php\/wp-json\/wp\/v2\/media\/1000002767"}],"wp:attachment":[{"href":"https:\/\/alfassa.org\/index.php\/wp-json\/wp\/v2\/media?parent=1000002520"}],"wp:term":[{"taxonomy":"category","embeddable":true,"href":"https:\/\/alfassa.org\/index.php\/wp-json\/wp\/v2\/categories?post=1000002520"},{"taxonomy":"post_tag","embeddable":true,"href":"https:\/\/alfassa.org\/index.php\/wp-json\/wp\/v2\/tags?post=1000002520"}],"curies":[{"name":"wp","href":"https:\/\/api.w.org\/{rel}","templated":true}]}}